{"id":14071,"date":"2025-08-03T10:50:11","date_gmt":"2025-08-03T10:50:11","guid":{"rendered":"https:\/\/www.europesays.com\/pt\/14071\/"},"modified":"2025-08-03T10:50:11","modified_gmt":"2025-08-03T10:50:11","slug":"testamos-o-samsung-galaxy-z-fold7-e-estas-sao-as-razoes-que-o-tornam-o-melhor-dobravel-do-momento","status":"publish","type":"post","link":"https:\/\/www.europesays.com\/pt\/14071\/","title":{"rendered":"Test\u00e1mos o Samsung Galaxy Z Fold7 e estas s\u00e3o as raz\u00f5es que o tornam o melhor dobr\u00e1vel do momento"},"content":{"rendered":"<p class=\"leading\">\n                O novo Z Fold7 \u00e9 uma revolu\u00e7\u00e3o no design, tem um ecr\u00e3 exterior finalmente pr\u00e1tico e uma c\u00e2mara de 200MP. Depois de o testarmos, mostramos-te as raz\u00f5es que o tornam no melhor dobr\u00e1vel de 2025.            <\/p>\n<p class=\"article-image \"><img decoding=\"async\" alt=\"samsung\" height=\"900\" src=\"https:\/\/www.europesays.com\/pt\/wp-content\/uploads\/2025\/08\/galaxy-z-fold7-thumb-comprar-dob.jpg\" width=\"1600\" fetchpriority=\"high\"\/><\/p>\n<p>O novo <a href=\"https:\/\/4gnews.pt\/samsung-galaxy-z-fold7-review\/\" rel=\"nofollow noopener\" target=\"_blank\">Samsung Galaxy Z Fold7<\/a> j\u00e1 passou pelos testes no 4gnews e a conclus\u00e3o \u00e9 de que este \u00e9 o dobr\u00e1vel que os f\u00e3s da Samsung esperavam e, muito provavelmente, o melhor que o dinheiro pode comprar em 2025 em Portugal (at\u00e9 agora).<\/p>\n<p>Depois de um <a href=\"https:\/\/4gnews.pt\/samsung-galaxy-z-fold6-review\/\" rel=\"nofollow noopener\" target=\"_blank\">Z Fold6<\/a> que soube a pouco, a Samsung ouviu as cr\u00edticas e entregou uma m\u00e1quina que, apesar de ainda n\u00e3o ser perfeita, coloca o conceito num patamar de excel\u00eancia. Se est\u00e1s a pensar dar o salto para o mundo dos dobr\u00e1veis, estas s\u00e3o as raz\u00f5es que fazem do Z Fold7 a escolha certa.<\/p>\n<p>1. Design que finalmente podes usar no dia a dia<\/p>\n<p>A primeira e mais impactante raz\u00e3o \u00e9 o seu design. A Samsung fez um trabalho de engenharia not\u00e1vel e conseguiu &#8220;emagrecer&#8221; o Fold7 de forma brutal. Com apenas 8,9 mm de espessura quando fechado e 4,2 mm aberto e a pesar 215 gramas, \u00e9 mais fino e mais leve que muitos smartphones &#8216;normais&#8217;.<\/p>\n<p class=\"article-image \"><img decoding=\"async\" alt=\"samsung\" height=\"3072\" width=\"4080\" class=\"lazyload\" src=\"https:\/\/www.europesays.com\/pt\/wp-content\/uploads\/2025\/08\/img-20250728-140433-1.jpg\" loading=\"lazy\"\/><\/p>\n<p>Na pr\u00e1tica, isto transforma-o de um &#8220;tijolo&#8221; desconfort\u00e1vel num telem\u00f3vel que, fechado, se sente e se usa quase como um smartphone normal. A sensa\u00e7\u00e3o na m\u00e3o e no bolso \u00e9 da noite para o dia, e esta \u00e9 a maior vit\u00f3ria desta nova gera\u00e7\u00e3o.<\/p>\n<p>2. Ecr\u00e3 exterior passou a ser &#8216;normal&#8217;<\/p>\n<p>Esta melhoria est\u00e1 diretamente ligada \u00e0 anterior. O ecr\u00e3 exterior do Z Fold7 abandonou o formato alto e estreito do seu antecessor e tem agora um r\u00e1cio de aspeto muito mais largo e tradicional.<\/p>\n<p>O resultado \u00e9 que escrever uma mensagem, ver uma notifica\u00e7\u00e3o ou simplesmente navegar na internet com o telem\u00f3vel fechado deixou de ser um exerc\u00edcio de frustra\u00e7\u00e3o para se tornar numa experi\u00eancia pr\u00e1tica e agrad\u00e1vel. \u00c9 o melhor elogio que se lhe pode fazer. Muitas vezes, at\u00e9 te esqueces que tens um ecr\u00e3 de 8 polegadas l\u00e1 dentro.<\/p>\n<p class=\"article-image \"><img decoding=\"async\" alt=\"xiaomi\" height=\"3072\" width=\"4096\" class=\"lazyload\" src=\"https:\/\/www.europesays.com\/pt\/wp-content\/uploads\/2025\/08\/img-20250728-142808-1.jpg\" loading=\"lazy\"\/><\/p>\n<p>3. A c\u00e2mara de 200 MP do &#8220;Ultra&#8221; chegou ao Fold<\/p>\n<p>A Samsung decidiu finalmente dar ao seu dobr\u00e1vel de topo a c\u00e2mara que ele merece. O Galaxy Z Fold7 herda o sensor principal de 200 megap\u00edxeis que encontramos no Galaxy S25 Ultra, e os resultados s\u00e3o de topo.<\/p>\n<p>As fotografias t\u00eam um detalhe superior, cores vibrantes e uma \u00f3timo desempenho em baixa luz. Para quem n\u00e3o queria abdicar da qualidade fotogr\u00e1fica de um &#8220;Ultra&#8221; para ter um dobr\u00e1vel, essa desculpa acabou.<\/p>\n<p>4. Desempenho de topo<\/p>\n<p>O Z Fold7 vem equipado com o potente processador Snapdragon 8 Elite for Galaxy. A otimiza\u00e7\u00e3o entre o hardware e o software (One UI 8 com Android 16) \u00e9 irrepreens\u00edvel.<\/p>\n<p class=\"article-image \"><img decoding=\"async\" alt=\"xiaomi\" height=\"3072\" width=\"4096\" class=\"lazyload\" src=\"https:\/\/www.europesays.com\/pt\/wp-content\/uploads\/2025\/08\/img-20250728-141759-0.jpg\" loading=\"lazy\"\/><\/p>\n<p>Podes abrir tr\u00eas aplica\u00e7\u00f5es em simult\u00e2neo no ecr\u00e3 interior, correr os jogos mais pesados com os gr\u00e1ficos no m\u00e1ximo ou editar v\u00eddeo, e o telem\u00f3vel nunca se &#8220;engasga&#8221;. \u00c9 uma verdadeira &#8220;besta&#8221; de produtividade.<\/p>\n<p>5. O melhor &#8220;2 em 1&#8221;: um smartphone excelente e um tablet potente<\/p>\n<p>Juntando tudo isto, o Z Fold7 \u00e9, em 2025, a melhor materializa\u00e7\u00e3o do conceito &#8220;dois em um&#8221;. Fechado, \u00e9 um smartphone premium, pr\u00e1tico e com um ecr\u00e3 excelente. Aberto, \u00e9 um mini-tablet de 8 polegadas com uma pot\u00eancia que n\u00e3o te deixa ficar mal.<\/p>\n<p>Tem umecr\u00e3 interior espetacular para multitasking ou para veres as tuas s\u00e9ries favoritas. \u00c9 esta dualidade, agora refinada e com menos compromissos, que o torna no dobr\u00e1vel mais completo e apelativo do momento.<\/p>\n<p><a href=\"https:\/\/amzn.to\/3UDcmzP\" target=\"_blank\" rel=\"nofollow noreferrer noopener\"><img decoding=\"async\" alt=\"Samsung Galaxy Z Fold 7\" height=\"673\" width=\"679\" class=\"lazyload\" src=\"https:\/\/www.europesays.com\/pt\/wp-content\/uploads\/2025\/08\/51watkai-ul-ac-sx679.jpg\" loading=\"lazy\"\/><\/a><\/p>\n<p class=\"inline-related-title\">Editores 4gnews recomendam:<\/p>\n<p>                <a href=\"https:\/\/news.google.com\/publications\/CAAqIggKIhxDQklTRHdnTWFnc0tDVFJuYm1WM2N5NXdkQ2dBUAE?ceid=PT:pt-150&amp;oc=3\" target=\"_blank\" rel=\"nofollow noopener\" class=\"google-news-link\"><br \/>\n                Adiciona o <b>4gnews<\/b> ao teu <b>Google News<\/b><br \/>\n                <img decoding=\"async\" src=\"https:\/\/4gnews.pt\/img\/google-news.svg\" alt=\"Google News\"\/><br \/>\n            <\/a><\/p>\n","protected":false},"excerpt":{"rendered":"O novo Z Fold7 \u00e9 uma revolu\u00e7\u00e3o no design, tem um ecr\u00e3 exterior finalmente pr\u00e1tico e uma c\u00e2mara&hellip;\n","protected":false},"author":2,"featured_media":14072,"comment_status":"","ping_status":"","sticky":false,"template":"","format":"standard","meta":{"footnotes":""},"categories":[84],"tags":[109,107,108,32,33,105,103,104,106,110],"class_list":{"0":"post-14071","1":"post","2":"type-post","3":"status-publish","4":"format-standard","5":"has-post-thumbnail","7":"category-ciencia-e-tecnologia","8":"tag-ciencia","9":"tag-ciencia-e-tecnologia","10":"tag-cienciaetecnologia","11":"tag-portugal","12":"tag-pt","13":"tag-science","14":"tag-science-and-technology","15":"tag-scienceandtechnology","16":"tag-technology","17":"tag-tecnologia"},"share_on_mastodon":{"url":"","error":""},"_links":{"self":[{"href":"https:\/\/www.europesays.com\/pt\/wp-json\/wp\/v2\/posts\/14071","targetHints":{"allow":["GET"]}}],"collection":[{"href":"https:\/\/www.europesays.com\/pt\/wp-json\/wp\/v2\/posts"}],"about":[{"href":"https:\/\/www.europesays.com\/pt\/wp-json\/wp\/v2\/types\/post"}],"author":[{"embeddable":true,"href":"https:\/\/www.europesays.com\/pt\/wp-json\/wp\/v2\/users\/2"}],"replies":[{"embeddable":true,"href":"https:\/\/www.europesays.com\/pt\/wp-json\/wp\/v2\/comments?post=14071"}],"version-history":[{"count":0,"href":"https:\/\/www.europesays.com\/pt\/wp-json\/wp\/v2\/posts\/14071\/revisions"}],"wp:featuredmedia":[{"embeddable":true,"href":"https:\/\/www.europesays.com\/pt\/wp-json\/wp\/v2\/media\/14072"}],"wp:attachment":[{"href":"https:\/\/www.europesays.com\/pt\/wp-json\/wp\/v2\/media?parent=14071"}],"wp:term":[{"taxonomy":"category","embeddable":true,"href":"https:\/\/www.europesays.com\/pt\/wp-json\/wp\/v2\/categories?post=14071"},{"taxonomy":"post_tag","embeddable":true,"href":"https:\/\/www.europesays.com\/pt\/wp-json\/wp\/v2\/tags?post=14071"}],"curies":[{"name":"wp","href":"https:\/\/api.w.org\/{rel}","templated":true}]}}