{"id":140729,"date":"2025-11-05T16:37:12","date_gmt":"2025-11-05T16:37:12","guid":{"rendered":"https:\/\/www.europesays.com\/pt\/140729\/"},"modified":"2025-11-05T16:37:12","modified_gmt":"2025-11-05T16:37:12","slug":"almeirim-assinala-dia-mundial-da-diabetes-com-sessao-informativa","status":"publish","type":"post","link":"https:\/\/www.europesays.com\/pt\/140729\/","title":{"rendered":"Almeirim assinala Dia Mundial da Diabetes com sess\u00e3o informativa"},"content":{"rendered":"<p>No pr\u00f3ximo dia 14 de novembro, o Im\u00f3vel de Val\u00eancias Vari\u00e1veis (Espa\u00e7o Multiusos de Almeirim) recebe um evento comemorativo do Dia Mundial da Diabetes, dedicado \u00e0 promo\u00e7\u00e3o da sa\u00fade e \u00e0 sensibiliza\u00e7\u00e3o para a import\u00e2ncia da preven\u00e7\u00e3o e do controlo da doen\u00e7a.<\/p>\n<p>A iniciativa, organizada pela Unidade Local de Sa\u00fade da Lez\u00edria, em parceria com as Unidades de Sa\u00fade Familiar C\u00f4rtes d\u2019Almeirim e Marquesa de Alorna, e com o apoio da C\u00e2mara Municipal de Almeirim, destina-se a utentes diab\u00e9ticos e conta com v\u00e1rias atividades informativas e pr\u00e1ticas ao longo da manh\u00e3.<\/p>\n<p>O programa tem in\u00edcio \u00e0s 9h30 com a rece\u00e7\u00e3o dos participantes, seguindo-se, \u00e0s 10h00, a palestra \u201cAlimenta\u00e7\u00e3o saud\u00e1vel na Diabetes\u201d, conduzida pela nutricionista D\u00e9bora Marcelino. Ap\u00f3s um pequeno intervalo com snacks, por volta das 11h30 \u00e9 abordado o tema \u201cMedica\u00e7\u00e3o na Diabetes\u201d. O evento termina com uma sess\u00e3o sobre \u201cA import\u00e2ncia do exerc\u00edcio f\u00edsico\u201d, \u00e0s 12h00.<\/p>\n<p>A participa\u00e7\u00e3o \u00e9 gratuita, mediante inscri\u00e7\u00e3o nas sedes da USF C\u00f4rtes d\u2019Almeirim e da USF Marquesa de Alorna.<\/p>\n","protected":false},"excerpt":{"rendered":"No pr\u00f3ximo dia 14 de novembro, o Im\u00f3vel de Val\u00eancias Vari\u00e1veis (Espa\u00e7o Multiusos de Almeirim) recebe um evento&hellip;\n","protected":false},"author":2,"featured_media":140730,"comment_status":"","ping_status":"","sticky":false,"template":"","format":"standard","meta":{"footnotes":""},"categories":[86],"tags":[31231,1027,116,32,33,117,31232],"class_list":{"0":"post-140729","1":"post","2":"type-post","3":"status-publish","4":"format-standard","5":"has-post-thumbnail","7":"category-saude","8":"tag-dia-mundial-da-diabetes","9":"tag-diabetes","10":"tag-health","11":"tag-portugal","12":"tag-pt","13":"tag-saude","14":"tag-uls-leziria"},"share_on_mastodon":{"url":"https:\/\/pubeurope.com\/@pt\/115498073679111765","error":""},"_links":{"self":[{"href":"https:\/\/www.europesays.com\/pt\/wp-json\/wp\/v2\/posts\/140729","targetHints":{"allow":["GET"]}}],"collection":[{"href":"https:\/\/www.europesays.com\/pt\/wp-json\/wp\/v2\/posts"}],"about":[{"href":"https:\/\/www.europesays.com\/pt\/wp-json\/wp\/v2\/types\/post"}],"author":[{"embeddable":true,"href":"https:\/\/www.europesays.com\/pt\/wp-json\/wp\/v2\/users\/2"}],"replies":[{"embeddable":true,"href":"https:\/\/www.europesays.com\/pt\/wp-json\/wp\/v2\/comments?post=140729"}],"version-history":[{"count":0,"href":"https:\/\/www.europesays.com\/pt\/wp-json\/wp\/v2\/posts\/140729\/revisions"}],"wp:featuredmedia":[{"embeddable":true,"href":"https:\/\/www.europesays.com\/pt\/wp-json\/wp\/v2\/media\/140730"}],"wp:attachment":[{"href":"https:\/\/www.europesays.com\/pt\/wp-json\/wp\/v2\/media?parent=140729"}],"wp:term":[{"taxonomy":"category","embeddable":true,"href":"https:\/\/www.europesays.com\/pt\/wp-json\/wp\/v2\/categories?post=140729"},{"taxonomy":"post_tag","embeddable":true,"href":"https:\/\/www.europesays.com\/pt\/wp-json\/wp\/v2\/tags?post=140729"}],"curies":[{"name":"wp","href":"https:\/\/api.w.org\/{rel}","templated":true}]}}