{"id":140746,"date":"2025-11-05T16:54:54","date_gmt":"2025-11-05T16:54:54","guid":{"rendered":"https:\/\/www.europesays.com\/pt\/140746\/"},"modified":"2025-11-05T16:54:54","modified_gmt":"2025-11-05T16:54:54","slug":"vai-salvar-casas-neste-inverno-chegou-ao-lidl-o-desumidificador-que-tambem-ajuda-a-secar-a-roupa-noticias-de-hoje","status":"publish","type":"post","link":"https:\/\/www.europesays.com\/pt\/140746\/","title":{"rendered":"Vai salvar casas neste inverno: Chegou ao Lidl o desumidificador que tamb\u00e9m ajuda a secar a roupa &#8211; Not\u00edcias de hoje"},"content":{"rendered":"<p>Com o frio e a chuva, \u00e9 muito comum em quase todas as casas a humidade acumular-se. As janelas embaciam, o cheiro a mofo aparece e as paredes ficam frias. A isto junta-se a dificuldade em secar a roupa nos dias em que o tempo n\u00e3o ajuda. Para resolver o problema, o LIDL tem \u00e0 venda o <strong data-end=\"594\" data-start=\"546\">Desumidificador El\u00e9trico Tronic de 10 litros<\/strong>, uma ajuda essencial para esta \u00e9poca do ano.<\/p>\n<p>O\u00a0aparelho faz parte da campanha <strong>Black November<\/strong> e est\u00e1 a <strong>89,99 euros<\/strong>, menos <strong>10 euros<\/strong> face ao pre\u00e7o do ano passado.<\/p>\n<p data-end=\"1662\" data-start=\"1397\">O desumidificador possui uma capacidade de reservat\u00f3rio de aproximadamente 2,1 litros, o que permite v\u00e1rias horas de utiliza\u00e7\u00e3o cont\u00ednua antes de precisar de ser esvaziado. O consumo de energia \u00e9 de 245 W, garantindo um bom equil\u00edbrio entre pot\u00eancia e efici\u00eancia.<\/p>\n<p data-end=\"1920\" data-start=\"1664\">Tem ainda um filtro substitu\u00edvel e lav\u00e1vel, que facilita a manuten\u00e7\u00e3o e prolonga a vida \u00fatil do aparelho. O design \u00e9 simples e discreto, com grelhas frontais de ventila\u00e7\u00e3o e um painel de controlo na parte superior.<\/p>\n<p data-end=\"2134\" data-start=\"1922\">Para al\u00e9m de reduzir a humidade, este desumidificador ajuda a prevenir bolores, fungos e odores desagrad\u00e1veis, tornando o ambiente mais saud\u00e1vel, algo essencial para quem sofre de alergias ou problemas respirat\u00f3rios.<\/p>\n<p>Por menos de 90 euros, o desumidificador Tronic oferece uma excelente rela\u00e7\u00e3o qualidade-pre\u00e7o. \u00c9 uma solu\u00e7\u00e3o pr\u00e1tica e eficaz para quem vive em zonas mais h\u00famidas ou em casas com pouca ventila\u00e7\u00e3o.<\/p>\n","protected":false},"excerpt":{"rendered":"Com o frio e a chuva, \u00e9 muito comum em quase todas as casas a humidade acumular-se. As&hellip;\n","protected":false},"author":2,"featured_media":140747,"comment_status":"","ping_status":"","sticky":false,"template":"","format":"standard","meta":{"footnotes":""},"categories":[83],"tags":[31236,88,31083,31234,89,90,31082,488,6513,13,31235,32,33],"class_list":{"0":"post-140746","1":"post","2":"type-post","3":"status-publish","4":"format-standard","5":"has-post-thumbnail","7":"category-empresas","8":"tag-black-november","9":"tag-business","10":"tag-desumidificador","11":"tag-desumidificador-lidl","12":"tag-economy","13":"tag-empresas","14":"tag-humidade","15":"tag-iol","16":"tag-lidl","17":"tag-noticias","18":"tag-novidades-lidl","19":"tag-portugal","20":"tag-pt"},"share_on_mastodon":{"url":"https:\/\/pubeurope.com\/@pt\/115498144424329826","error":""},"_links":{"self":[{"href":"https:\/\/www.europesays.com\/pt\/wp-json\/wp\/v2\/posts\/140746","targetHints":{"allow":["GET"]}}],"collection":[{"href":"https:\/\/www.europesays.com\/pt\/wp-json\/wp\/v2\/posts"}],"about":[{"href":"https:\/\/www.europesays.com\/pt\/wp-json\/wp\/v2\/types\/post"}],"author":[{"embeddable":true,"href":"https:\/\/www.europesays.com\/pt\/wp-json\/wp\/v2\/users\/2"}],"replies":[{"embeddable":true,"href":"https:\/\/www.europesays.com\/pt\/wp-json\/wp\/v2\/comments?post=140746"}],"version-history":[{"count":0,"href":"https:\/\/www.europesays.com\/pt\/wp-json\/wp\/v2\/posts\/140746\/revisions"}],"wp:featuredmedia":[{"embeddable":true,"href":"https:\/\/www.europesays.com\/pt\/wp-json\/wp\/v2\/media\/140747"}],"wp:attachment":[{"href":"https:\/\/www.europesays.com\/pt\/wp-json\/wp\/v2\/media?parent=140746"}],"wp:term":[{"taxonomy":"category","embeddable":true,"href":"https:\/\/www.europesays.com\/pt\/wp-json\/wp\/v2\/categories?post=140746"},{"taxonomy":"post_tag","embeddable":true,"href":"https:\/\/www.europesays.com\/pt\/wp-json\/wp\/v2\/tags?post=140746"}],"curies":[{"name":"wp","href":"https:\/\/api.w.org\/{rel}","templated":true}]}}