{"id":140756,"date":"2025-11-05T17:06:15","date_gmt":"2025-11-05T17:06:15","guid":{"rendered":"https:\/\/www.europesays.com\/pt\/140756\/"},"modified":"2025-11-05T17:06:15","modified_gmt":"2025-11-05T17:06:15","slug":"mourinho-promete-resposta-honesta-sobre-mario-branco-depois-das-eleicoes","status":"publish","type":"post","link":"https:\/\/www.europesays.com\/pt\/140756\/","title":{"rendered":"Mourinho promete resposta \u00abhonesta\u00bb sobre M\u00e1rio Branco depois das elei\u00e7\u00f5es"},"content":{"rendered":"<p style=\"margin-bottom:11px\"><strong>Jos\u00e9 Mourinho, treinador do Benfica, fez nesta ter\u00e7a-feira, no Seixal, <a href=\"http:\/\/maisfutebol.iol.pt\/jogo\/v-guimaraes\/benfica\/13828222\" rel=\"nofollow noopener\" target=\"_blank\">a antevis\u00e3o ao duelo com o Bayer Leverkusen para a Champions, da quarta jornada.<\/a>\u00a0O t\u00e9cnico tem fugido \u00e0 quest\u00e3o da prefer\u00eancia de diretor desportivo ap\u00f3s as elei\u00e7\u00f5es (e a continuidade de M\u00e1rio Branco). Nesta confer\u00eancia, foi-lhe perguntado se isso tem a ver com a influ\u00eancia nas elei\u00e7\u00f5es. Mourinho confirma.<\/strong><\/p>\n<p style=\"margin-bottom:11px\">\u00abEventualmente, sim. \u00c9 uma pergunta \u00e0 qual responderei na confer\u00eancia de imprensa posterior \u00e0s elei\u00e7\u00f5es de domingo. E prometo-vos que responderei independentemente do contexto ou do vencedor. A resposta ser\u00e1 a mesma, n\u00e3o vou responder em fun\u00e7\u00e3o disso. Vou ser muito honesto.\u00bb<\/p>\n","protected":false},"excerpt":{"rendered":"Jos\u00e9 Mourinho, treinador do Benfica, fez nesta ter\u00e7a-feira, no Seixal, a antevis\u00e3o ao duelo com o Bayer Leverkusen&hellip;\n","protected":false},"author":2,"featured_media":140757,"comment_status":"","ping_status":"","sticky":false,"template":"","format":"standard","meta":{"footnotes":""},"categories":[87],"tags":[4136,51,135,1385,46,5021,7864,32,33,47,134],"class_list":{"0":"post-140756","1":"post","2":"type-post","3":"status-publish","4":"format-standard","5":"has-post-thumbnail","7":"category-desporto","8":"tag-bayer-leverkusen","9":"tag-benfica","10":"tag-desporto","11":"tag-jose-mourinho","12":"tag-maisfutebol","13":"tag-mario-branco","14":"tag-mourinho","15":"tag-portugal","16":"tag-pt","17":"tag-pura-paixao","18":"tag-sports"},"share_on_mastodon":{"url":"https:\/\/pubeurope.com\/@pt\/115498187841816479","error":""},"_links":{"self":[{"href":"https:\/\/www.europesays.com\/pt\/wp-json\/wp\/v2\/posts\/140756","targetHints":{"allow":["GET"]}}],"collection":[{"href":"https:\/\/www.europesays.com\/pt\/wp-json\/wp\/v2\/posts"}],"about":[{"href":"https:\/\/www.europesays.com\/pt\/wp-json\/wp\/v2\/types\/post"}],"author":[{"embeddable":true,"href":"https:\/\/www.europesays.com\/pt\/wp-json\/wp\/v2\/users\/2"}],"replies":[{"embeddable":true,"href":"https:\/\/www.europesays.com\/pt\/wp-json\/wp\/v2\/comments?post=140756"}],"version-history":[{"count":0,"href":"https:\/\/www.europesays.com\/pt\/wp-json\/wp\/v2\/posts\/140756\/revisions"}],"wp:featuredmedia":[{"embeddable":true,"href":"https:\/\/www.europesays.com\/pt\/wp-json\/wp\/v2\/media\/140757"}],"wp:attachment":[{"href":"https:\/\/www.europesays.com\/pt\/wp-json\/wp\/v2\/media?parent=140756"}],"wp:term":[{"taxonomy":"category","embeddable":true,"href":"https:\/\/www.europesays.com\/pt\/wp-json\/wp\/v2\/categories?post=140756"},{"taxonomy":"post_tag","embeddable":true,"href":"https:\/\/www.europesays.com\/pt\/wp-json\/wp\/v2\/tags?post=140756"}],"curies":[{"name":"wp","href":"https:\/\/api.w.org\/{rel}","templated":true}]}}