{"id":140815,"date":"2025-11-05T18:16:10","date_gmt":"2025-11-05T18:16:10","guid":{"rendered":"https:\/\/www.europesays.com\/pt\/140815\/"},"modified":"2025-11-05T18:16:10","modified_gmt":"2025-11-05T18:16:10","slug":"amorim-tem-uma-ideia-mais-flexivel-do-que-as-pessoas-pensam","status":"publish","type":"post","link":"https:\/\/www.europesays.com\/pt\/140815\/","title":{"rendered":"\u00abAmorim tem uma ideia mais flex\u00edvel do que as pessoas pensam\u00bb"},"content":{"rendered":"<p>Jason Wilcox, diretor para o futebol do Manchester United, sublinhou a import\u00e2ncia de manter a confian\u00e7a no projeto liderado por R\u00faben Amorim, destacando a clareza da vis\u00e3o do treinador portugu\u00eas e o trabalho conjunto que est\u00e1 a ser desenvolvido em Old Trafford.\u00a0<\/p>\n<p>O dirigente refor\u00e7ou que o clube est\u00e1 ainda em fase de constru\u00e7\u00e3o, mas garantiu que todos dentro da estrutura partilham a mesma dire\u00e7\u00e3o e ambi\u00e7\u00e3o para o futuro.<\/p>\n<p>\u00abTemos de continuar a construir o esp\u00edrito e a desenvolver a ideia do Ruben. O Ruben tem uma ideia muito clara. \u00c9 uma ideia muito mais flex\u00edvel do que as pessoas pensam. Temos de come\u00e7ar com o objetivo final em mente e compreender o modelo de jogo, como \u00e9 o Manchester United. Temos de juntar as pe\u00e7as do puzzle\u00bb, come\u00e7ou por dizer em declara\u00e7\u00f5es ao Inside Carrington, podcast oficial do clube.<\/p>\n<p>\u00abAo juntarmos as pe\u00e7as do puzzle, gostar\u00edamos que todas estivessem no lugar para podermos ver uma imagem muito mais clara. Mas, enquanto estamos a construir e a formar essa imagem, tudo se torna mais dif\u00edcil quando se perdem alguns jogos, porque as pessoas come\u00e7am a questionar as coisas. No entanto, eu, o Ruben, o Omar [Berrada] e os propriet\u00e1rios temos uma ideia muito clara da dire\u00e7\u00e3o a seguir, e isso \u00e9 realmente importante\u00bb, completou.<\/p>\n<p>O diretor de futebol do Manchester United comentou tamb\u00e9m como funciona o clube no processo de contrata\u00e7\u00f5es.<\/p>\n<p>\u00abS\u00e3o reuni\u00f5es cont\u00ednuas entre mim e o Ruben [Amorim], com o Chris Vivell [ndr: diretor de recrutamento] e a sua equipa, onde definimos com clareza os perfis de que precisamos. O briefing vem de mim e do Ruben, passa para o Chris, h\u00e1 muita discuss\u00e3o e debate sobre os perfis necess\u00e1rios, e ent\u00e3o os olheiros v\u00e3o ao mercado. Combinamos isso com a equipa de dados e, a partir da\u00ed, h\u00e1 um di\u00e1logo constante\u00bb, explicou Wilcox.<\/p>\n<p>\u00abNeste momento estou a ter reuni\u00f5es semanais com a equipa de recrutamento sobre os diferentes perfis, a faixa et\u00e1ria, o custo, se s\u00e3o exequ\u00edveis, tamb\u00e9m com o Ruben. \u00c9 uma abordagem realmente integrada. Quando contratamos um jogador, muitas pessoas est\u00e3o envolvidas no processo. A equipa de dados participa no processo e depois concentramos toda a nossa aten\u00e7\u00e3o em determinados jogadores\u00bb, acrescentou, sublinhando o trabalho integrado que existe por tr\u00e1s das contrata\u00e7\u00f5es do clube de Manchester.<\/p>\n","protected":false},"excerpt":{"rendered":"Jason Wilcox, diretor para o futebol do Manchester United, sublinhou a import\u00e2ncia de manter a confian\u00e7a no projeto&hellip;\n","protected":false},"author":2,"featured_media":140816,"comment_status":"","ping_status":"","sticky":false,"template":"","format":"standard","meta":{"footnotes":""},"categories":[87],"tags":[135,665,82,30158,436,46,663,32,33,47,1052,134],"class_list":{"0":"post-140815","1":"post","2":"type-post","3":"status-publish","4":"format-standard","5":"has-post-thumbnail","7":"category-desporto","8":"tag-desporto","9":"tag-inglaterra","10":"tag-internacional","11":"tag-jason-wilcox","12":"tag-made-in","13":"tag-maisfutebol","14":"tag-manchester-united","15":"tag-portugal","16":"tag-pt","17":"tag-pura-paixao","18":"tag-ruben-amorim","19":"tag-sports"},"share_on_mastodon":{"url":"https:\/\/pubeurope.com\/@pt\/115498463008247923","error":""},"_links":{"self":[{"href":"https:\/\/www.europesays.com\/pt\/wp-json\/wp\/v2\/posts\/140815","targetHints":{"allow":["GET"]}}],"collection":[{"href":"https:\/\/www.europesays.com\/pt\/wp-json\/wp\/v2\/posts"}],"about":[{"href":"https:\/\/www.europesays.com\/pt\/wp-json\/wp\/v2\/types\/post"}],"author":[{"embeddable":true,"href":"https:\/\/www.europesays.com\/pt\/wp-json\/wp\/v2\/users\/2"}],"replies":[{"embeddable":true,"href":"https:\/\/www.europesays.com\/pt\/wp-json\/wp\/v2\/comments?post=140815"}],"version-history":[{"count":0,"href":"https:\/\/www.europesays.com\/pt\/wp-json\/wp\/v2\/posts\/140815\/revisions"}],"wp:featuredmedia":[{"embeddable":true,"href":"https:\/\/www.europesays.com\/pt\/wp-json\/wp\/v2\/media\/140816"}],"wp:attachment":[{"href":"https:\/\/www.europesays.com\/pt\/wp-json\/wp\/v2\/media?parent=140815"}],"wp:term":[{"taxonomy":"category","embeddable":true,"href":"https:\/\/www.europesays.com\/pt\/wp-json\/wp\/v2\/categories?post=140815"},{"taxonomy":"post_tag","embeddable":true,"href":"https:\/\/www.europesays.com\/pt\/wp-json\/wp\/v2\/tags?post=140815"}],"curies":[{"name":"wp","href":"https:\/\/api.w.org\/{rel}","templated":true}]}}