{"id":140840,"date":"2025-11-05T18:39:10","date_gmt":"2025-11-05T18:39:10","guid":{"rendered":"https:\/\/www.europesays.com\/pt\/140840\/"},"modified":"2025-11-05T18:39:10","modified_gmt":"2025-11-05T18:39:10","slug":"9-tendencias-de-decoracao-que-continuarao-em-alta-em-2026-e-quais-estao-prestes-a-desaparecer-casa-vogue","status":"publish","type":"post","link":"https:\/\/www.europesays.com\/pt\/140840\/","title":{"rendered":"9 tend\u00eancias de decora\u00e7\u00e3o que continuar\u00e3o em alta em 2026 (e quais est\u00e3o prestes a desaparecer) &#8211; Casa Vogue"},"content":{"rendered":"<ol>\n<li><a href=\"https:\/\/news.google.com\/rss\/articles\/CBMi6AFBVV95cUxOYmlLYXU3eFI5VVFyX3BKS1JrbFNURFFpR1dndFN6VmQ3OTNlOS1oWllmSEtqRTRRQ3FiWEZ4UWJMWXlhQ25sMzRBcmQ0Tm1aWXBrSlA4QWtwbWxIOElkTm1QREJlVjlHWXYySFdpY0JvRndmbkZ2U2I2aDVRQ1czQ0UyOXFJR0VEandCODJYTW9hZzRtdGVoSl9FRlVYVHZxeWVXUnhacmRSNG16UmR2UktJZUtrYWNZaHFBZGdpZWpTMl9nd0wxR3d5TjdkaE5fVS04SVVEMHlhQXRHM3VPYTI3b0QzTjJo0gH3AUFVX3lxTE42aW4wbGxYUUZTLTVHN1I1TFB4a180bnhpVkZIY2k2NmdhYXNSVTF5Z3R5Q0RlUVowWXV1NWZlN3lhMm94aS1UY2drd0Y5U2NIcDZPOWpGU3Q3VHdVNUltRnlOUV9GZUVMbnhOMmFMSGJHdFBSRkZfMUJpV2ZZbVZYMV82RDdyYW1YV0Z1ZnE2eG4weVVGZU5meF94TTN2cXlkTnowODQ1OUlITHEzSXpJRXdfQ29JRk5QX3VMbS1NeXhLdHFqd1ctV1kzZWV1NUcxWFYwbXlPY2hVWGRMdk9FYk9MTlZuWlVHZEh5MkZQVlhFQmxjMFE?oc=5\" target=\"_blank\" rel=\"nofollow noopener\">9 tend\u00eancias de decora\u00e7\u00e3o que continuar\u00e3o em alta em 2026 (e quais est\u00e3o prestes a desaparecer)<\/a>&nbsp;&nbsp;Casa Vogue<\/li>\n<li><a href=\"https:\/\/news.google.com\/rss\/articles\/CBMixgFBVV95cUxNSm5SRlNTVnJXbWNjZUJURmxsclRnVFZuQ256UU56emI1WkZUZ3Jiajl3WWVBZF9FWkY3aDJocVJtcUVMVkNERFM4ZTVZUnpOYVBvd1Z1Rk1MLXhoXzRoYkd1ZlgtRnNJQ05RUkM3bjlLSjhJcFVfWGh1M2RsVVJla282Z1ROZy1vcjZCVFY2OWRqc0d4N0tZR0J1OEV1OGVfZjdBcDZLRFhfcmRvejZMMHhkcU5RR054M1VnaEtvS2xSeEVhTFE?oc=5\" target=\"_blank\" rel=\"nofollow noopener\">Feira de design de interiores no ES traz exposi\u00e7\u00e3o in\u00e9dita de rochas naturais<\/a>&nbsp;&nbsp;A Gazeta<\/li>\n<li><a href=\"https:\/\/news.google.com\/rss\/articles\/CBMimwFBVV95cUxOS1E0MnVLRlUwbl9kajR3b3ZsWFJyMkEyR0dDZTk2QWJRSjBvbHJISU5KeUZqMEtpamdoOTdNaU1NRkFLU0h0R3NkM2hWVlVaSXBCaDBieEFrUjRDRDZ4TWVRd0x6RWlZVEJ2Zk91Tk10bUp6V3B2aWE0X05kQWxPUmJtUmJOdnhrX1B0MzJpclhvNTd0cGh3OHVJSQ?oc=5\" target=\"_blank\" rel=\"nofollow noopener\">Natureza, tecnologia e afeto devem guiar o design em 2026<\/a>&nbsp;&nbsp;ES360<\/li>\n<li><a href=\"https:\/\/news.google.com\/rss\/articles\/CBMirwFBVV95cUxOdERDcENHeDlwZGZORDZrdlp5Uk1oVkU1QXpvWWNBU0w3Q1B2ZEE0MnR5Q2hSck5HU0kzQzkydGIyNklFVGNjX280LVFfN1Yzd0dZWXE2QjZSLWNuckEwZHM2eXg1ZjNiUmFWWk1SZ3BNYW44UmpBR2ZnSHpBblFnemFVYjlhUjdGUzA0SHFmeXZJQ1YwdFlKQXZoeDJDeUhzTXFRaklob0Q2a1p5T09R?oc=5\" target=\"_blank\" rel=\"nofollow noopener\">IA, realidade aumentada e tecnologia antimanchas marcam feira em Vit\u00f3ria<\/a>&nbsp;&nbsp;ES360<\/li>\n<\/ol>\n","protected":false},"excerpt":{"rendered":"9 tend\u00eancias de decora\u00e7\u00e3o que continuar\u00e3o em alta em 2026 (e quais est\u00e3o prestes a desaparecer)&nbsp;&nbsp;Casa Vogue Feira&hellip;\n","protected":false},"author":2,"featured_media":140841,"comment_status":"","ping_status":"","sticky":false,"template":"","format":"standard","meta":{"footnotes":""},"categories":[144],"tags":[207,205,206,203,201,202,204,114,115,32,33],"class_list":{"0":"post-140840","1":"post","2":"type-post","3":"status-publish","4":"format-standard","5":"has-post-thumbnail","7":"category-arte-e-design","8":"tag-arte","9":"tag-arte-e-design","10":"tag-artedesign","11":"tag-arts","12":"tag-arts-and-design","13":"tag-artsanddesign","14":"tag-design","15":"tag-entertainment","16":"tag-entretenimento","17":"tag-portugal","18":"tag-pt"},"share_on_mastodon":{"url":"https:\/\/pubeurope.com\/@pt\/115498553392606257","error":""},"_links":{"self":[{"href":"https:\/\/www.europesays.com\/pt\/wp-json\/wp\/v2\/posts\/140840","targetHints":{"allow":["GET"]}}],"collection":[{"href":"https:\/\/www.europesays.com\/pt\/wp-json\/wp\/v2\/posts"}],"about":[{"href":"https:\/\/www.europesays.com\/pt\/wp-json\/wp\/v2\/types\/post"}],"author":[{"embeddable":true,"href":"https:\/\/www.europesays.com\/pt\/wp-json\/wp\/v2\/users\/2"}],"replies":[{"embeddable":true,"href":"https:\/\/www.europesays.com\/pt\/wp-json\/wp\/v2\/comments?post=140840"}],"version-history":[{"count":0,"href":"https:\/\/www.europesays.com\/pt\/wp-json\/wp\/v2\/posts\/140840\/revisions"}],"wp:featuredmedia":[{"embeddable":true,"href":"https:\/\/www.europesays.com\/pt\/wp-json\/wp\/v2\/media\/140841"}],"wp:attachment":[{"href":"https:\/\/www.europesays.com\/pt\/wp-json\/wp\/v2\/media?parent=140840"}],"wp:term":[{"taxonomy":"category","embeddable":true,"href":"https:\/\/www.europesays.com\/pt\/wp-json\/wp\/v2\/categories?post=140840"},{"taxonomy":"post_tag","embeddable":true,"href":"https:\/\/www.europesays.com\/pt\/wp-json\/wp\/v2\/tags?post=140840"}],"curies":[{"name":"wp","href":"https:\/\/api.w.org\/{rel}","templated":true}]}}