{"id":140842,"date":"2025-11-05T18:41:11","date_gmt":"2025-11-05T18:41:11","guid":{"rendered":"https:\/\/www.europesays.com\/pt\/140842\/"},"modified":"2025-11-05T18:41:11","modified_gmt":"2025-11-05T18:41:11","slug":"bomba-ze-ex-noivo-de-liliana-visto-em-passeio-na-praia-com-jessica-galhofas","status":"publish","type":"post","link":"https:\/\/www.europesays.com\/pt\/140842\/","title":{"rendered":"Bomba: Z\u00e9, ex-noivo de Liliana, visto em &#8220;passeio na praia&#8221; com&#8230; J\u00e9ssica Galhofas!"},"content":{"rendered":"<p>Mais conhecido como Z\u00e9, Jos\u00e9 Andrade tornou-se num rosto t\u00e3o conhecido quanto v\u00e1rios concorrentes da nona edi\u00e7\u00e3o de &#8220;<a href=\"https:\/\/tvi.iol.pt\/secretstory\/\" target=\"_blank\" rel=\"nofollow noopener\">Secret Story<\/a> &#8211; Casa dos Segredos&#8221;, embora n\u00e3o tenha conseguido ser participante do reality show da <a href=\"https:\/\/tvi.iol.pt\/\" target=\"_blank\" rel=\"nofollow noopener\">TVI<\/a>. Tudo porque pediu Liliana Oliveira em casamento na gala de estreia do programa, sendo que o noivado durou precisamente tr\u00eas semanas.<\/p>\n<p>Fora da casa mais vigiada do Pa\u00eds, <a href=\"https:\/\/selfie.iol.pt\/famosos\/liliana\/secret-story-exposto-por-liliana-ze-reage-a-pior-coisa-que-me-fez-desde-que-entrou-na-casa\/20251031\/6904adb2d34e2bd5c6d37960\" target=\"_blank\" rel=\"nofollow noopener\">Jos\u00e9 Andrade<\/a> tem sido visto na companhia de figuras relacionadas com formatos do mesmo g\u00e9nero televisivo. A mais recente \u00e9 J\u00e9ssica Galhofas, que deu a conhecer-se enquanto concorrente do &#8220;<a href=\"https:\/\/tvi.iol.pt\/bigbrother\/\" target=\"_blank\" rel=\"nofollow noopener\">Big Brother<\/a> 2023&#8243;.<\/p>\n<p>Recentemente, no Instagram, a ex-namorada de Francisco Vale dividiu com os f\u00e3s um conjunto de fotografias que registam v\u00e1rios momentos vividos no m\u00eas de outubro. Numa das imagens, a jovem aparece ao lado do ex-noivo de Liliana Oliveira.<\/p>\n<p>&#8220;Passeio na praia com o famoso Jos\u00e9 Andrade&#8221;, escreveu J\u00e9ssica Galhofas, na legenda do registo.<\/p>\n<p>Veja, agora, v\u00eddeos de <a href=\"https:\/\/selfie.iol.pt\/famosos\/casa-dos-segredos\/em-saida-a-noite-ze-ex-noivo-de-liliana-abraca-se-a-uma-finalista-de-secret-story-veja-a-foto-cumplice\/20251101\/6906030dd34e2bd5c6d382b1\" target=\"_blank\" rel=\"nofollow noopener\">Jos\u00e9 Andrade<\/a> no matutino &#8220;<a href=\"https:\/\/tvi.iol.pt\/doisas10\/\" target=\"_blank\" rel=\"nofollow noopener\">Dois \u00e0s 10<\/a>&#8220;.<\/p>\n<p style=\"text-align:center\"><img loading=\"lazy\" decoding=\"async\" alt=\"\" height=\"667\" src=\"https:\/\/www.europesays.com\/pt\/wp-content\/uploads\/2025\/11\/690b6ddfd34e2bd5c6d3a94c.webp\" width=\"500\"\/><\/p>\n<p>\u00a0<\/p>\n","protected":false},"excerpt":{"rendered":"Mais conhecido como Z\u00e9, Jos\u00e9 Andrade tornou-se num rosto t\u00e3o conhecido quanto v\u00e1rios concorrentes da nona edi\u00e7\u00e3o de&hellip;\n","protected":false},"author":2,"featured_media":135800,"comment_status":"","ping_status":"","sticky":false,"template":"","format":"standard","meta":{"footnotes":""},"categories":[142],"tags":[6308,6981,48,6982,2632,13471,6338,114,115,6309,980,3591,24885,19016,24883,2189,32,33,1014,1315,6985,16687,16686,1012,6986,16688,151,162,975,12308],"class_list":{"0":"post-140842","1":"post","2":"type-post","3":"status-publish","4":"format-standard","5":"has-post-thumbnail","7":"category-tv","8":"tag-bb","9":"tag-bb2023","10":"tag-big-brother","11":"tag-big-brother-2023","12":"tag-casa-dos-segredos","13":"tag-casa-dos-segredos-9","14":"tag-concorrente","15":"tag-entertainment","16":"tag-entretenimento","17":"tag-ex-concorrente","18":"tag-famosos","19":"tag-jessica-galhofas","20":"tag-jose-andrade","21":"tag-liliana","22":"tag-liliana-oliveira","23":"tag-noivos","24":"tag-portugal","25":"tag-pt","26":"tag-reality-show","27":"tag-secret-story","28":"tag-secret-story-casa-dos-segredos","29":"tag-secret-story-casa-dos-segredos-9","30":"tag-secret-story-9","31":"tag-selfie","32":"tag-ss","33":"tag-ss9","34":"tag-tv","35":"tag-tvi","36":"tag-ze","37":"tag-ze-pedro"},"share_on_mastodon":{"url":"https:\/\/pubeurope.com\/@pt\/115498561846634332","error":""},"_links":{"self":[{"href":"https:\/\/www.europesays.com\/pt\/wp-json\/wp\/v2\/posts\/140842","targetHints":{"allow":["GET"]}}],"collection":[{"href":"https:\/\/www.europesays.com\/pt\/wp-json\/wp\/v2\/posts"}],"about":[{"href":"https:\/\/www.europesays.com\/pt\/wp-json\/wp\/v2\/types\/post"}],"author":[{"embeddable":true,"href":"https:\/\/www.europesays.com\/pt\/wp-json\/wp\/v2\/users\/2"}],"replies":[{"embeddable":true,"href":"https:\/\/www.europesays.com\/pt\/wp-json\/wp\/v2\/comments?post=140842"}],"version-history":[{"count":0,"href":"https:\/\/www.europesays.com\/pt\/wp-json\/wp\/v2\/posts\/140842\/revisions"}],"wp:featuredmedia":[{"embeddable":true,"href":"https:\/\/www.europesays.com\/pt\/wp-json\/wp\/v2\/media\/135800"}],"wp:attachment":[{"href":"https:\/\/www.europesays.com\/pt\/wp-json\/wp\/v2\/media?parent=140842"}],"wp:term":[{"taxonomy":"category","embeddable":true,"href":"https:\/\/www.europesays.com\/pt\/wp-json\/wp\/v2\/categories?post=140842"},{"taxonomy":"post_tag","embeddable":true,"href":"https:\/\/www.europesays.com\/pt\/wp-json\/wp\/v2\/tags?post=140842"}],"curies":[{"name":"wp","href":"https:\/\/api.w.org\/{rel}","templated":true}]}}