{"id":140854,"date":"2025-11-05T18:51:29","date_gmt":"2025-11-05T18:51:29","guid":{"rendered":"https:\/\/www.europesays.com\/pt\/140854\/"},"modified":"2025-11-05T18:51:29","modified_gmt":"2025-11-05T18:51:29","slug":"30-mil-registos-em-24h-causam-inundacoes-e-quedas","status":"publish","type":"post","link":"https:\/\/www.europesays.com\/pt\/140854\/","title":{"rendered":"30 Mil Registos em 24h Causam Inunda\u00e7\u00f5es e Quedas"},"content":{"rendered":"<p>A Autoridade Nacional de Emerg\u00eancia e Prote\u00e7\u00e3o Civil (ANEPC) registou 784 ocorr\u00eancias entre as 00:00 e as 12:00 desta quarta-feira relacionadas com a chuva e vento fortes, disse \u00e0 Lusa o oficial de opera\u00e7\u00f5es Jos\u00e9 Costa.<\/p>\n<p><strong>\u201cForam 435 inunda\u00e7\u00f5es, 163 quedas de \u00e1rvore, 77 limpezas de via, 76 quedas de estruturas e 31 movimentos de massa, ou seja, quedas de pedras e terras, e tamb\u00e9m um salvamento aqu\u00e1tico\u201d, especificou.<\/strong><\/p>\n<p>De acordo com Jos\u00e9 Costa, a regi\u00e3o de Lisboa e Vale do Tejo foi a mais afetada, com 409 ocorr\u00eancias, seguida da regi\u00e3o centro (191), norte (132) e Alentejo (52).<\/p>\n<p>Relativamente ao <strong>salvamento aqu\u00e1tico, o respons\u00e1vel referiu que ocorreu na Praia do Sul, na Ericeira (concelho de Mafra), tendo sido \u201cduas pessoas foram retiradas do mar e transportadas ao hospital com ferimentos leves\u201d.<\/strong><\/p>\n<p>Jos\u00e9 Costa adiantou ainda que houve uma pessoa a ficar desalojada em Pa\u00e7o de Arcos, no concelho de Oeiras, devido a danos na habita\u00e7\u00e3o.<\/p>\n<p>Para dar resposta a estas ocorr\u00eancias foram empenhados 2.841 operacionais e 984 meios terrestres em todo o pa\u00eds.<\/p>\n<p>\u201cMant\u00eam-se os avisos meteorol\u00f3gicos em vigor, mas, ao que parece, as coisas est\u00e3o a melhorar, ou melhorando progressivamente, mas ainda temos um conjunto de avisos meteorol\u00f3gicos de precipita\u00e7\u00e3o, vento, trovoada e agita\u00e7\u00e3o mar\u00edtima at\u00e9 ao fim do dia\u201d, apontou.<\/p>\n<p>Portugal continental est\u00e1 a ser afetado por uma superf\u00edcie frontal fria de atividade moderada a forte, provocando chuva, trovoadas e vento, segundo o Instituto Portugu\u00eas do Mar e da Atmosfera (IPMA).<\/p>\n<p>\u201cNa sub-regi\u00e3o de Lisboa foram registadas 65 ocorr\u00eancias, em Set\u00fabal 18 e no Oeste 12 e as restantes espalhadas por outras regi\u00f5es do continente, mas nada de grave\u201d, indicou, anteriormente, Rui Oliveira, da ANEPC.<\/p>\n<p>O Regimento Sapadores Bombeiros de Lisboa recebeu esta madrugada cerca de 50 pedidos de aux\u00edlio na cidade, em tr\u00eas horas, a maioria por causa de inunda\u00e7\u00f5es provocadas pelo mau tempo.<\/p>\n<p>Em declara\u00e7\u00f5es \u00e0 Lusa, fonte do regimento explicou que entre as 04:40 e as 07:45 foram recebidas cerca de 50 chamadas, a maioria referente a inunda\u00e7\u00f5es em espa\u00e7os privados ou na via p\u00fablica.<\/p>\n<p>Foram ainda registadas quatro quedas de \u00e1rvores e tr\u00eas de estruturas em Lisboa.<\/p>\n<p>O IPMA prev\u00ea para esta quarta-feira chuva que ser\u00e1 \u201cpor vezes forte e acompanhada de trovoada\u201d, em especial durante a passagem da frente e at\u00e9 ao final da manh\u00e3, motivo pelo qual foi emitido aviso laranja para chuva e aviso amarelo para trovoada (que terminam \u00e0s 09:00 e em alguns distritos \u00e0s 12:00).<\/p>\n<p>\u201cGradualmente, a partir da tarde, com o p\u00f3s-frontal, espera-se que a chuva, j\u00e1 em regime de aguaceiros, continue a afetar todo o territ\u00f3rio, embora com maior intensidade e frequ\u00eancia no litoral das regi\u00f5es norte e centro. Neste per\u00edodo, ainda continuam a existir condi\u00e7\u00f5es para ocorr\u00eancia de trovoada e os aguaceiros poder\u00e3o ser de granizo, sobretudo nas regi\u00f5es referidas\u201d, indica o IPMA num comunicado.<\/p>\n<p>O vento prev\u00ea-se que sopre \u201cforte com rajadas\u201d entre a tarde de hoje e o in\u00edcio da manh\u00e3 de quinta-feira.<\/p>\n<p>Durante a passagem da frente fria, as rajadas poder\u00e3o atingir 80 quil\u00f3metros por hora no litoral e 110 quil\u00f3metros por hora nas terras altas das regi\u00f5es norte e centro, estando em vigor aviso amarelo de vento para estas zonas.<\/p>\n<p>O IPMA prev\u00ea ainda aumento da agita\u00e7\u00e3o mar\u00edtima na costa ocidental, com ondas do quadrante oeste de quatro a cinco metros, podendo temporariamente atingirem entre os cinco a seis metros entre a noite de hoje e a madrugada de quinta-feira.<\/p>\n<p>Foi emitido aviso laranja de agita\u00e7\u00e3o mar\u00edtima para esse per\u00edodo.<\/p>\n","protected":false},"excerpt":{"rendered":"A Autoridade Nacional de Emerg\u00eancia e Prote\u00e7\u00e3o Civil (ANEPC) registou 784 ocorr\u00eancias entre as 00:00 e as 12:00&hellip;\n","protected":false},"author":2,"featured_media":130144,"comment_status":"","ping_status":"","sticky":false,"template":"","format":"standard","meta":{"footnotes":""},"categories":[10],"tags":[31244,27,28,2139,31245,15,16,14,19439,25,26,21,22,8532,12,13,19,20,32,23,24,33,24337,17,18,29,30,31],"class_list":{"0":"post-140854","1":"post","2":"type-post","3":"status-publish","4":"format-standard","5":"has-post-thumbnail","7":"category-portugal","8":"tag-autoridade-nacional-da-protecao-civil","9":"tag-breaking-news","10":"tag-breakingnews","11":"tag-chuva","12":"tag-descargas-eletricas","13":"tag-featured-news","14":"tag-featurednews","15":"tag-headlines","16":"tag-ipma-instituto-portugues-do-mar-e-da-atmosfera","17":"tag-latest-news","18":"tag-latestnews","19":"tag-main-news","20":"tag-mainnews","21":"tag-mau-tempo","22":"tag-news","23":"tag-noticias","24":"tag-noticias-principais","25":"tag-noticiasprincipais","26":"tag-portugal","27":"tag-principais-noticias","28":"tag-principaisnoticias","29":"tag-pt","30":"tag-relampagos","31":"tag-top-stories","32":"tag-topstories","33":"tag-ultimas","34":"tag-ultimas-noticias","35":"tag-ultimasnoticias"},"share_on_mastodon":{"url":"https:\/\/pubeurope.com\/@pt\/115498600885914367","error":""},"_links":{"self":[{"href":"https:\/\/www.europesays.com\/pt\/wp-json\/wp\/v2\/posts\/140854","targetHints":{"allow":["GET"]}}],"collection":[{"href":"https:\/\/www.europesays.com\/pt\/wp-json\/wp\/v2\/posts"}],"about":[{"href":"https:\/\/www.europesays.com\/pt\/wp-json\/wp\/v2\/types\/post"}],"author":[{"embeddable":true,"href":"https:\/\/www.europesays.com\/pt\/wp-json\/wp\/v2\/users\/2"}],"replies":[{"embeddable":true,"href":"https:\/\/www.europesays.com\/pt\/wp-json\/wp\/v2\/comments?post=140854"}],"version-history":[{"count":0,"href":"https:\/\/www.europesays.com\/pt\/wp-json\/wp\/v2\/posts\/140854\/revisions"}],"wp:featuredmedia":[{"embeddable":true,"href":"https:\/\/www.europesays.com\/pt\/wp-json\/wp\/v2\/media\/130144"}],"wp:attachment":[{"href":"https:\/\/www.europesays.com\/pt\/wp-json\/wp\/v2\/media?parent=140854"}],"wp:term":[{"taxonomy":"category","embeddable":true,"href":"https:\/\/www.europesays.com\/pt\/wp-json\/wp\/v2\/categories?post=140854"},{"taxonomy":"post_tag","embeddable":true,"href":"https:\/\/www.europesays.com\/pt\/wp-json\/wp\/v2\/tags?post=140854"}],"curies":[{"name":"wp","href":"https:\/\/api.w.org\/{rel}","templated":true}]}}