{"id":140861,"date":"2025-11-05T18:56:16","date_gmt":"2025-11-05T18:56:16","guid":{"rendered":"https:\/\/www.europesays.com\/pt\/140861\/"},"modified":"2025-11-05T18:56:16","modified_gmt":"2025-11-05T18:56:16","slug":"foi-impossivel-nao-me-emocionar-depois-de-um-susto-noivo-de-maria-botelho-moniz-regressa-a-casa-e-foi-isto-que-aconteceu-novelas","status":"publish","type":"post","link":"https:\/\/www.europesays.com\/pt\/140861\/","title":{"rendered":"\u00abFoi imposs\u00edvel n\u00e3o me emocionar\u00bb: Depois de um susto, noivo de Maria Botelho Moniz regressa a casa e foi isto que aconteceu &#8211; Novelas"},"content":{"rendered":"<p data-end=\"460\" data-start=\"0\">O <a href=\"https:\/\/tvi.iol.pt\/novelas\/pedro-bianchi-prata\/maria-botelho-moniz\/o-pai-volta-sempre-com-o-pai-ausente-filho-de-maria-botelho-moniz-grita-por-ele-e-esta-a-comover-o-pais\" rel=\"nofollow noopener\" target=\"_blank\"><strong data-end=\"32\" data-start=\"2\">piloto Pedro Bianchi Prata<\/strong><\/a>, noivo da apresentadora <strong data-end=\"80\" data-start=\"57\">Maria Botelho Moniz<\/strong>, emocionou os seguidores ao partilhar nas suas redes sociais um desabafo profundamente sincero sobre o valor da fam\u00edlia e o desafio de estar longe de casa. Conhecido pelo seu trabalho exigente, que o obriga a constantes desloca\u00e7\u00f5es, <strong data-end=\"399\" data-start=\"314\">Pedro revelou as dificuldades de conciliar a vida profissional com o papel de pai<\/strong>, descrevendo o regresso ao lar ap\u00f3s mais uma longa viagem.<\/p>\n<p data-end=\"846\" data-start=\"462\">Depois de quase <strong data-end=\"515\" data-start=\"478\">40 horas de viagem desde Marrocos<\/strong>, o piloto contou que chegou exausto, mas com o cora\u00e7\u00e3o cheio. No seu testemunho, relatou o momento do reencontro com Maria e o filho, Vicente, descrevendo-o como <strong data-end=\"712\" data-start=\"678\">\u201co melhor reencontro do mundo\u201d<\/strong>. Num registo simples e emotivo, partilhou a alegria de um domingo passado em fam\u00edlia, cheio de gargalhadas, cumplicidade e ternura.\u00a0<strong data-end=\"1079\" data-start=\"850\">\u201cDomingo \u00e0 tarde fomos ao parque, o Vicente a correr, a rir, a mostrar-me tudo como se fosse a primeira vez. Ontem o dia come\u00e7ou cedo \u2014 escola, amigos, gargalhadas. Fui busc\u00e1-lo e o sorriso dele ao sair do port\u00e3o valeu tudo.\u201d<\/strong><\/p>\n<p data-end=\"1485\" data-start=\"1083\">Pedro contou ainda que seguiram para o <strong data-end=\"1155\" data-start=\"1122\">Off-Road Center Bianchi Prata<\/strong>, onde o pequeno Vicente quis logo subir \u00e0s motas e brincar com os c\u00e3es. Entre po\u00e7as de \u00e1gua, risos e brincadeiras, o piloto confessou ter-se emocionado com a alegria do filho. O dia terminou em casa, num ambiente tranquilo e cheio de amor: <strong data-end=\"1483\" data-start=\"1396\">\u201cJantar, hist\u00f3ria contada pela m\u00e3e, leitinho e cama. Um dia simples\u2026 mas perfeito.\u201d<\/strong><\/p>\n<p data-end=\"1756\" data-start=\"1487\">No final do desabafo, Pedro refletiu sobre o peso das aus\u00eancias e o valor das pequenas coisas, admitindo que <strong data-end=\"1651\" data-start=\"1596\">\u201cforam dez dias longe de casa que pareceram um ano\u201d<\/strong> e que, agora, compreende melhor o que os pais sentiam quando precisavam de se ausentar para trabalhar.<\/p>\n<p data-end=\"2130\" data-start=\"1758\">A publica\u00e7\u00e3o rapidamente se tornou viral, recebendo centenas de coment\u00e1rios de carinho e admira\u00e7\u00e3o. Os f\u00e3s destacaram a ternura e a autenticidade das palavras do piloto, escrevendo mensagens como <strong data-end=\"2006\" data-start=\"1954\">\u201cFam\u00edlia linda! \u00c9 um gosto ver o Vicente feliz!\u201d<\/strong>, <strong data-end=\"2061\" data-start=\"2008\">\u201cQue linda hist\u00f3ria este menino est\u00e1 a escrever!\u201d<\/strong>, ou <strong data-end=\"2127\" data-start=\"2066\">\u201c\u00c9 o melhor do mundo, uma crian\u00e7a feliz, pais felizes \u2764\ufe0f\u201d<\/strong>.<\/p>\n<p data-end=\"2463\" data-is-last-node=\"\" data-is-only-node=\"\" data-start=\"2132\">Com este relato, <strong data-end=\"2214\" data-start=\"2149\">Pedro Bianchi Prata mostrou o seu lado mais humano e sens\u00edvel<\/strong>, longe da velocidade e da adrenalina das corridas. Atrav\u00e9s das suas palavras, deixou claro que, por mais intensos que sejam os desafios da vida, <strong data-end=\"2463\" data-is-last-node=\"\" data-start=\"2360\">nada supera a felicidade de regressar a casa e viver os pequenos momentos ao lado de quem mais ama.<\/strong><\/p>\n","protected":false},"excerpt":{"rendered":"O piloto Pedro Bianchi Prata, noivo da apresentadora Maria Botelho Moniz, emocionou os seguidores ao partilhar nas suas&hellip;\n","protected":false},"author":2,"featured_media":140862,"comment_status":"","ping_status":"","sticky":false,"template":"","format":"standard","meta":{"footnotes":""},"categories":[142],"tags":[160,166,114,115,157,167,164,338,21012,161,158,4089,165,159,32,33,156,163,151,162,4090],"class_list":{"0":"post-140861","1":"post","2":"type-post","3":"status-publish","4":"format-standard","5":"has-post-thumbnail","7":"category-tv","8":"tag-ana-guiomar","9":"tag-cristina-ferreira","10":"tag-entertainment","11":"tag-entretenimento","12":"tag-festa-e-festa","13":"tag-ficcao","14":"tag-jose-fidalgo","15":"tag-maria-botelho-moniz","16":"tag-mota","17":"tag-novelas","18":"tag-para-sempre","19":"tag-pedro-bianchi-prata","20":"tag-pedro-sousa","21":"tag-pedro-teixeira","22":"tag-portugal","23":"tag-pt","24":"tag-queridos-papas","25":"tag-tiago-teotonio-pereira","26":"tag-tv","27":"tag-tvi","28":"tag-vicente"},"share_on_mastodon":{"url":"https:\/\/pubeurope.com\/@pt\/115498620392626393","error":""},"_links":{"self":[{"href":"https:\/\/www.europesays.com\/pt\/wp-json\/wp\/v2\/posts\/140861","targetHints":{"allow":["GET"]}}],"collection":[{"href":"https:\/\/www.europesays.com\/pt\/wp-json\/wp\/v2\/posts"}],"about":[{"href":"https:\/\/www.europesays.com\/pt\/wp-json\/wp\/v2\/types\/post"}],"author":[{"embeddable":true,"href":"https:\/\/www.europesays.com\/pt\/wp-json\/wp\/v2\/users\/2"}],"replies":[{"embeddable":true,"href":"https:\/\/www.europesays.com\/pt\/wp-json\/wp\/v2\/comments?post=140861"}],"version-history":[{"count":0,"href":"https:\/\/www.europesays.com\/pt\/wp-json\/wp\/v2\/posts\/140861\/revisions"}],"wp:featuredmedia":[{"embeddable":true,"href":"https:\/\/www.europesays.com\/pt\/wp-json\/wp\/v2\/media\/140862"}],"wp:attachment":[{"href":"https:\/\/www.europesays.com\/pt\/wp-json\/wp\/v2\/media?parent=140861"}],"wp:term":[{"taxonomy":"category","embeddable":true,"href":"https:\/\/www.europesays.com\/pt\/wp-json\/wp\/v2\/categories?post=140861"},{"taxonomy":"post_tag","embeddable":true,"href":"https:\/\/www.europesays.com\/pt\/wp-json\/wp\/v2\/tags?post=140861"}],"curies":[{"name":"wp","href":"https:\/\/api.w.org\/{rel}","templated":true}]}}