{"id":140881,"date":"2025-11-05T19:09:16","date_gmt":"2025-11-05T19:09:16","guid":{"rendered":"https:\/\/www.europesays.com\/pt\/140881\/"},"modified":"2025-11-05T19:09:16","modified_gmt":"2025-11-05T19:09:16","slug":"fotografo-capta-um-lince-iberico-raro-de-cor-branca","status":"publish","type":"post","link":"https:\/\/www.europesays.com\/pt\/140881\/","title":{"rendered":"Fot\u00f3grafo capta um lince ib\u00e9rico raro de cor branca"},"content":{"rendered":"<p>O fot\u00f3grafo de vida selvagem \u00c1ngel Hidalgo, de 29 anos conseguiu fotografar pela primeira vez um lince ib\u00e9rico branco.<\/p>\n<p id=\"s-p-embed-6903\" data-start=\"1447\" data-end=\"1784\" data-is-last-node=\"\" data-is-only-node=\"\">Trata-se de uma varia\u00e7\u00e3o extremamente incomum da esp\u00e9cie, num local onde o fotografo vinha realizando monitoriza\u00e7\u00e3o atrav\u00e9s de c\u00e2meras de fotogr\u00e1ficas escondidas h\u00e1 apenas alguns meses.<\/p>\n<p>Segundo o relato, tudo come\u00e7ou quando, ao verificar uma das c\u00e2meras, o observador notou algo que lhe pareceu inacredit\u00e1vel. A partir desse momento, decidiu dedicar todo o tempo poss\u00edvel a tentar ver o animal pessoalmente. \u201cPassei horas, dias, semanas e at\u00e9 meses \u00e0 procura, muitas vezes prestes a desistir\u201d, contou.<\/p>\n<p>O momento esperado chegou numa manh\u00e3 chuvosa. \u201cDepois de uma noite de chuva, ao amanhecer, vi ao longe uma mancha branca que parecia emitir luz pr\u00f3pria. Quando percebi que era um lince-ib\u00e9rico com pelagem branca como a neve e olhos penetrantes, fiquei paralisado. N\u00e3o podia acreditar no que via.\u201d<\/p>\n<p>O avistamento deste felino raro, com pelo de inverno completamente branco, foi descrito como uma experi\u00eancia inesquec\u00edvel e de profundo impacto emocional.<\/p>\n<p>\u201cFoi um privil\u00e9gio testemunhar algo assim, ver um grande lince no seu habitat natural. Esse encontro fez-me refletir sobre a import\u00e2ncia da natureza e da conserva\u00e7\u00e3o\u201d, afirmou o observador, que espera que o seu testemunho sirva de inspira\u00e7\u00e3o para que mais pessoas valorizem e protejam a biodiversidade.<\/p>\n<p>O lince-ib\u00e9rico (Lynx pardinus) \u00e9 uma das esp\u00e9cies mais amea\u00e7adas do mundo, embora os esfor\u00e7os de conserva\u00e7\u00e3o tenham permitido a recupera\u00e7\u00e3o gradual da popula\u00e7\u00e3o na Pen\u00ednsula Ib\u00e9rica nas \u00faltimas d\u00e9cadas. A exist\u00eancia de um exemplar com pelagem branca, possivelmente devido a uma muta\u00e7\u00e3o gen\u00e9tica, \u00e9 considerada extremamente rara.<\/p>\n","protected":false},"excerpt":{"rendered":"O fot\u00f3grafo de vida selvagem \u00c1ngel Hidalgo, de 29 anos conseguiu fotografar pela primeira vez um lince ib\u00e9rico&hellip;\n","protected":false},"author":2,"featured_media":140882,"comment_status":"","ping_status":"","sticky":false,"template":"","format":"standard","meta":{"footnotes":""},"categories":[144],"tags":[207,205,206,203,201,202,204,114,115,32,33],"class_list":{"0":"post-140881","1":"post","2":"type-post","3":"status-publish","4":"format-standard","5":"has-post-thumbnail","7":"category-arte-e-design","8":"tag-arte","9":"tag-arte-e-design","10":"tag-artedesign","11":"tag-arts","12":"tag-arts-and-design","13":"tag-artsanddesign","14":"tag-design","15":"tag-entertainment","16":"tag-entretenimento","17":"tag-portugal","18":"tag-pt"},"share_on_mastodon":{"url":"https:\/\/pubeurope.com\/@pt\/115498671345974481","error":""},"_links":{"self":[{"href":"https:\/\/www.europesays.com\/pt\/wp-json\/wp\/v2\/posts\/140881","targetHints":{"allow":["GET"]}}],"collection":[{"href":"https:\/\/www.europesays.com\/pt\/wp-json\/wp\/v2\/posts"}],"about":[{"href":"https:\/\/www.europesays.com\/pt\/wp-json\/wp\/v2\/types\/post"}],"author":[{"embeddable":true,"href":"https:\/\/www.europesays.com\/pt\/wp-json\/wp\/v2\/users\/2"}],"replies":[{"embeddable":true,"href":"https:\/\/www.europesays.com\/pt\/wp-json\/wp\/v2\/comments?post=140881"}],"version-history":[{"count":0,"href":"https:\/\/www.europesays.com\/pt\/wp-json\/wp\/v2\/posts\/140881\/revisions"}],"wp:featuredmedia":[{"embeddable":true,"href":"https:\/\/www.europesays.com\/pt\/wp-json\/wp\/v2\/media\/140882"}],"wp:attachment":[{"href":"https:\/\/www.europesays.com\/pt\/wp-json\/wp\/v2\/media?parent=140881"}],"wp:term":[{"taxonomy":"category","embeddable":true,"href":"https:\/\/www.europesays.com\/pt\/wp-json\/wp\/v2\/categories?post=140881"},{"taxonomy":"post_tag","embeddable":true,"href":"https:\/\/www.europesays.com\/pt\/wp-json\/wp\/v2\/tags?post=140881"}],"curies":[{"name":"wp","href":"https:\/\/api.w.org\/{rel}","templated":true}]}}