{"id":140951,"date":"2025-11-05T20:08:07","date_gmt":"2025-11-05T20:08:07","guid":{"rendered":"https:\/\/www.europesays.com\/pt\/140951\/"},"modified":"2025-11-05T20:08:07","modified_gmt":"2025-11-05T20:08:07","slug":"edificio-residencial-feito-para-bilionarios-em-nova-york-corre-o-risco-de-desabar-correio-braziliense","status":"publish","type":"post","link":"https:\/\/www.europesays.com\/pt\/140951\/","title":{"rendered":"Edif\u00edcio residencial feito para bilion\u00e1rios em Nova York corre o risco de desabar &#8211; Correio Braziliense"},"content":{"rendered":"<ol>\n<li><a href=\"https:\/\/news.google.com\/rss\/articles\/CBMi7wFBVV95cUxOUUViLVk0TUJGbDRHNFZnSWJyM1JxNmh3bDlaUGpNVFRWel9zMnVGOVVGVXhDWVphMnRRdDFwaXJlMTBRaUFLRzAwUy1LUEVtZGs1bmhLZ0UtNFVsTnVGWnhCVzdJMGtVeFhCQXJINVVHWTJyZXJZMWtNQjRkWFkwdnFGT05aYWxLc3A5ZzV6SlZpWVZKdmliNlNKR2pjSWp2T3pOVENYXy1EZGtPSWlfLVhreVlmbUc2clYtalNDN1praUV1NWJSM2tLYkN2azJMRzN1emRUbVlzRlc1aTd2bHRRZDlncnFGRjliQlZBa9IB7wFBVV95cUxOUUViLVk0TUJGbDRHNFZnSWJyM1JxNmh3bDlaUGpNVFRWel9zMnVGOVVGVXhDWVphMnRRdDFwaXJlMTBRaUFLRzAwUy1LUEVtZGs1bmhLZ0UtNFVsTnVGWnhCVzdJMGtVeFhCQXJINVVHWTJyZXJZMWtNQjRkWFkwdnFGT05aYWxLc3A5ZzV6SlZpWVZKdmliNlNKR2pjSWp2T3pOVENYXy1EZGtPSWlfLVhreVlmbUc2clYtalNDN1praUV1NWJSM2tLYkN2azJMRzN1emRUbVlzRlc1aTd2bHRRZDlncnFGRjliQlZBaw?oc=5\" target=\"_blank\" rel=\"nofollow noopener\">Edif\u00edcio residencial feito para bilion\u00e1rios em Nova York corre o risco de desabar<\/a>&nbsp;&nbsp;Correio Braziliense<\/li>\n<li><a href=\"https:\/\/news.google.com\/rss\/articles\/CBMi2wFBVV95cUxQdEdEYmFqeGo3OThvaDdBQWRxSzBaS21KTHpMc0FiWnZIWDFUeGxUYlhIVVBCS2RHQVppSzhicmwwSUdCeVlObjhDa28wUnpkUGpqdDBwYTNpZFlOU09vVU5BdGhTMzlFMUVUajFQNTJ6VGtQR09lSnRSUVdBR2FCRkpLN0hISG9RVUlPakFTZ2w1X0V0a1UxWERpNFJzcTRaTEl0c2RxdFBzQTJHb0w2ZnhqN2RxdW5KQXRiZUZqSnd1V3NfNVp4d0RRaEd2aVBJMWdTNlhuRkhKUUE?oc=5\" target=\"_blank\" rel=\"nofollow noopener\">Sob &#8216;estresse&#8217;, luxuosa quinta torre mais alta de Nova York pode desabar<\/a>&nbsp;&nbsp;UOL Not\u00edcias<\/li>\n<li><a href=\"https:\/\/news.google.com\/rss\/articles\/CBMiqwFBVV95cUxOZzJMQUFMcmREMkRWS1RZRVBQQmVPbkRVSEtXTnNrWlpGNmpvUm0tUVU5S0dTTGwwZXNDYlB2bklTd21ESHc0TEV1TUdJM3Q1TDZSSUplMXhFWnd4a1NBUkd5SUhQTDFENGtpVm9UZWlVZnVfdl9kdkFGYzN3eHBwc2tUTE9IYV9mck9fY2ZLRE9OeVhlZENCZk02N2c1Q3o5QV9uemExZDc5Ync?oc=5\" target=\"_blank\" rel=\"nofollow noopener\">Luxo em ru\u00ednas: arranha-c\u00e9u dos bilion\u00e1rios pode desabar em Nova York<\/a>&nbsp;&nbsp;Exame<\/li>\n<li><a href=\"https:\/\/news.google.com\/rss\/articles\/CBMivwFBVV95cUxNWVVaWnBpWFdDS21xWUxuS0I3VG02dldteWRhdzdxbU5sRjdnWVFvczJnVE1uR3JocDhIUW93VVVUZmFOS2tLRUV5aUZfZHZ4ZWJCSUNOWUFQM2VDZXNoZ3JCRDluTWJFSEVRR2VQWE1MeGc2d0UxN1JHcFFpQkExbF9EYlhPZGFLOGI2NnFWYmdyXzRVTXNhdTVIRlJQMDdwUDhxZFI3SWZRUGx4WG5lMVlLMUxjNkRrSERUZHFHSQ?oc=5\" target=\"_blank\" rel=\"nofollow noopener\">Maior pr\u00e9dio residencial do mundo pode desabar a qualquer momento; moradores em alerta<\/a>&nbsp;&nbsp;Di\u00e1rio do Com\u00e9rcio<\/li>\n<\/ol>\n","protected":false},"excerpt":{"rendered":"Edif\u00edcio residencial feito para bilion\u00e1rios em Nova York corre o risco de desabar&nbsp;&nbsp;Correio Braziliense Sob &#8216;estresse&#8217;, luxuosa quinta&hellip;\n","protected":false},"author":2,"featured_media":140952,"comment_status":"","ping_status":"","sticky":false,"template":"","format":"standard","meta":{"footnotes":""},"categories":[144],"tags":[207,205,206,203,201,202,204,114,115,32,33],"class_list":{"0":"post-140951","1":"post","2":"type-post","3":"status-publish","4":"format-standard","5":"has-post-thumbnail","7":"category-arte-e-design","8":"tag-arte","9":"tag-arte-e-design","10":"tag-artedesign","11":"tag-arts","12":"tag-arts-and-design","13":"tag-artsanddesign","14":"tag-design","15":"tag-entertainment","16":"tag-entretenimento","17":"tag-portugal","18":"tag-pt"},"share_on_mastodon":{"url":"https:\/\/pubeurope.com\/@pt\/115498903311206647","error":""},"_links":{"self":[{"href":"https:\/\/www.europesays.com\/pt\/wp-json\/wp\/v2\/posts\/140951","targetHints":{"allow":["GET"]}}],"collection":[{"href":"https:\/\/www.europesays.com\/pt\/wp-json\/wp\/v2\/posts"}],"about":[{"href":"https:\/\/www.europesays.com\/pt\/wp-json\/wp\/v2\/types\/post"}],"author":[{"embeddable":true,"href":"https:\/\/www.europesays.com\/pt\/wp-json\/wp\/v2\/users\/2"}],"replies":[{"embeddable":true,"href":"https:\/\/www.europesays.com\/pt\/wp-json\/wp\/v2\/comments?post=140951"}],"version-history":[{"count":0,"href":"https:\/\/www.europesays.com\/pt\/wp-json\/wp\/v2\/posts\/140951\/revisions"}],"wp:featuredmedia":[{"embeddable":true,"href":"https:\/\/www.europesays.com\/pt\/wp-json\/wp\/v2\/media\/140952"}],"wp:attachment":[{"href":"https:\/\/www.europesays.com\/pt\/wp-json\/wp\/v2\/media?parent=140951"}],"wp:term":[{"taxonomy":"category","embeddable":true,"href":"https:\/\/www.europesays.com\/pt\/wp-json\/wp\/v2\/categories?post=140951"},{"taxonomy":"post_tag","embeddable":true,"href":"https:\/\/www.europesays.com\/pt\/wp-json\/wp\/v2\/tags?post=140951"}],"curies":[{"name":"wp","href":"https:\/\/api.w.org\/{rel}","templated":true}]}}