{"id":140961,"date":"2025-11-05T20:15:45","date_gmt":"2025-11-05T20:15:45","guid":{"rendered":"https:\/\/www.europesays.com\/pt\/140961\/"},"modified":"2025-11-05T20:15:45","modified_gmt":"2025-11-05T20:15:45","slug":"premio-cervantes-2025-para-o-escritor-mexicano-gonzalo-celorio-literatura","status":"publish","type":"post","link":"https:\/\/www.europesays.com\/pt\/140961\/","title":{"rendered":"Pr\u00e9mio Cervantes 2025 para o escritor mexicano Gonzalo Celorio | Literatura"},"content":{"rendered":"<p>O escritor e ensa\u00edsta mexicano Gonzalo Celorio venceu o Pr\u00e9mio Cervantes 2025, considerado o galard\u00e3o mais importante atribu\u00eddo anualmente \u00e0 l\u00edngua castelhana.<\/p>\n<p>Gonzalo Celorio, que nasceu na Cidade do M\u00e9xico em 1948, tem, segundo o j\u00fari do pr\u00e9mio, uma &#8220;excepcional obra&#8221;, com &#8220;uma voz liter\u00e1ria de not\u00e1vel eleg\u00e2ncia e profundidade reflexiva&#8221; consolidada ao longo de cinco d\u00e9cadas.<\/p>\n<p>A decis\u00e3o do j\u00fari foi anunciada esta segunda-feira, em Madrid, como habitualmente, pelo ministro da Cultura de Espanha, Ernest Urtasun, que destacou que o escritor mexicano tem contribu\u00eddo, ainda, &#8220;de maneira profunda e sustent\u00e1vel&#8221; para o enriquecimento do idioma espanhol.<\/p>\n<p>Gonzalo Celorio conjuga na sua obra &#8220;a lucidez cr\u00edtica com uma sensibilidade narrativa que explora os matizes da identidade, a educa\u00e7\u00e3o sentimental e a perda&#8221;, acrescentou Ernest Urtasun.<\/p>\n<p>Do escritor foram publicados em Portugal os livros E Que Ribombe Nos Seus Centros a Terra, numa tradu\u00e7\u00e3o de Jorge Fallorca (Teorema, 2002), e Tr\u00eas Lindas Cubanas, com tradu\u00e7\u00e3o de Margarida Amado Acosta e revis\u00e3o de Carlos Pinheiro (Quetzal, 2009), segundo os cat\u00e1logos da Biblioteca Nacional de Portugal.<\/p>\n<p>Celorio foi convidado de festivais liter\u00e1rios portugueses como o <a href=\"https:\/\/www.publico.pt\/correntes-descritas\" rel=\"nofollow noopener\" target=\"_blank\">Correntes d&#8217;Escritas<\/a>, na P\u00f3voa de Varzim, e o LeV &#8211; Literatura em Viagem, em Matosinhos, acompanhando a edi\u00e7\u00e3o de Tr\u00eas Lindas Cubanas.<\/p>\n<p>O Pr\u00e9mio Cervantes, no valor de 125 mil euros, \u00e9 entregue anualmente em 23 de Abril, Dia do Livro em Espanha e anivers\u00e1rio da morte de Miguel de Cervantes. Em 2024, o vencedor foi o espanhol \u00c1lvaro Pombo.<\/p>\n","protected":false},"excerpt":{"rendered":"O escritor e ensa\u00edsta mexicano Gonzalo Celorio venceu o Pr\u00e9mio Cervantes 2025, considerado o galard\u00e3o mais importante atribu\u00eddo&hellip;\n","protected":false},"author":2,"featured_media":140962,"comment_status":"","ping_status":"","sticky":false,"template":"","format":"standard","meta":{"footnotes":""},"categories":[85],"tags":[31254,315,1413,114,115,640,864,170,32,33],"class_list":{"0":"post-140961","1":"post","2":"type-post","3":"status-publish","4":"format-standard","5":"has-post-thumbnail","7":"category-entretenimento","8":"tag-correntes-d","9":"tag-cultura","10":"tag-cultura-ipsilon","11":"tag-entertainment","12":"tag-entretenimento","13":"tag-espanha","14":"tag-literatura","15":"tag-livros","16":"tag-portugal","17":"tag-pt"},"share_on_mastodon":{"url":"https:\/\/pubeurope.com\/@pt\/115498930898263365","error":""},"_links":{"self":[{"href":"https:\/\/www.europesays.com\/pt\/wp-json\/wp\/v2\/posts\/140961","targetHints":{"allow":["GET"]}}],"collection":[{"href":"https:\/\/www.europesays.com\/pt\/wp-json\/wp\/v2\/posts"}],"about":[{"href":"https:\/\/www.europesays.com\/pt\/wp-json\/wp\/v2\/types\/post"}],"author":[{"embeddable":true,"href":"https:\/\/www.europesays.com\/pt\/wp-json\/wp\/v2\/users\/2"}],"replies":[{"embeddable":true,"href":"https:\/\/www.europesays.com\/pt\/wp-json\/wp\/v2\/comments?post=140961"}],"version-history":[{"count":0,"href":"https:\/\/www.europesays.com\/pt\/wp-json\/wp\/v2\/posts\/140961\/revisions"}],"wp:featuredmedia":[{"embeddable":true,"href":"https:\/\/www.europesays.com\/pt\/wp-json\/wp\/v2\/media\/140962"}],"wp:attachment":[{"href":"https:\/\/www.europesays.com\/pt\/wp-json\/wp\/v2\/media?parent=140961"}],"wp:term":[{"taxonomy":"category","embeddable":true,"href":"https:\/\/www.europesays.com\/pt\/wp-json\/wp\/v2\/categories?post=140961"},{"taxonomy":"post_tag","embeddable":true,"href":"https:\/\/www.europesays.com\/pt\/wp-json\/wp\/v2\/tags?post=140961"}],"curies":[{"name":"wp","href":"https:\/\/api.w.org\/{rel}","templated":true}]}}