{"id":140967,"date":"2025-11-05T20:24:09","date_gmt":"2025-11-05T20:24:09","guid":{"rendered":"https:\/\/www.europesays.com\/pt\/140967\/"},"modified":"2025-11-05T20:24:09","modified_gmt":"2025-11-05T20:24:09","slug":"ex-big-brother-morre-de-forma-tragica-aos-45-anos","status":"publish","type":"post","link":"https:\/\/www.europesays.com\/pt\/140967\/","title":{"rendered":"Ex-&#8220;Big Brother&#8221; morre de forma tr\u00e1gica aos 45 anos"},"content":{"rendered":"<p>A tr\u00e1gica morte de Ben Duncan est\u00e1 a chocar os ingleses. A personalidade brit\u00e2nica morreu aos 45 anos, na noite de 30 de outubro, ap\u00f3s sofrer uma queda fatal do terra\u00e7o de um bar em Londres.<\/p>\n<p>A Pol\u00edcia Metropolitana de Londres foi chamada ap\u00f3s relatos de que &#8220;um homem estava no telhado&#8221; de um edif\u00edcio na Cockspur Street. Pouco depois, o homem caiu de uma altura de aproximadamente 30 metros, equivalente a sete andares.<\/p>\n<p>&#8220;O homem caiu de uma grande altura. Apesar dos esfor\u00e7os das equipas m\u00e9dicas, foi declarado morto no local. A morte \u00e9 considerada inesperada, mas n\u00e3o h\u00e1 ind\u00edcios de crime\u201d, declarou um porta-voz da pol\u00edcia ao <a href=\"https:\/\/www.dailymail.co.uk\/tvshowbiz\/article-15256459\/big-brother-star-prince-williams-school-friend-ben-duncan-dead.html\" target=\"_blank\" rel=\"nofollow noopener\">Daily Mail<\/a>.<\/p>\n<p><a href=\"https:\/\/selfie.iol.pt\/famosos\/tragedia\/principe-william-e-kate-middleton-de-luto-amigo-do-casal-morre-de-forma-tragica\/20251105\/690b75d1d34e2bd5c6d3a9d2\" target=\"_blank\" rel=\"nofollow noopener\">Ben Duncan era um dos melhores amigos do pr\u00edncipe William e de Kate Middleton<\/a>. O trio conheceu-se\u00a0na Universidade de St. Andrews, na Esc\u00f3cia, onde estudou.<\/p>\n<p>Mais tarde, Ben Duncan tornou-se uma figura p\u00fablica no Reino Unido, destacando-se em v\u00e1rios programas televisivos e reality shows. Participou no &#8220;Big Brother&#8221; brit\u00e2nico e em formatos populares como &#8220;Come Dine With Me&#8221;, &#8220;Ladette to Lady&#8221;, &#8220;Celebrity Coach Trip&#8221; e &#8220;More Than A Mistress&#8221;, neste \u00faltimo como apresentador.<\/p>\n<p style=\"text-align:center\"><img loading=\"lazy\" decoding=\"async\" alt=\"\" height=\"666\" src=\"https:\/\/www.europesays.com\/pt\/wp-content\/uploads\/2025\/11\/690b752ad34e2bd5c6d3a9c9.webp\" width=\"500\"\/><\/p>\n","protected":false},"excerpt":{"rendered":"A tr\u00e1gica morte de Ben Duncan est\u00e1 a chocar os ingleses. A personalidade brit\u00e2nica morreu aos 45 anos,&hellip;\n","protected":false},"author":2,"featured_media":140968,"comment_status":"","ping_status":"","sticky":false,"template":"","format":"standard","meta":{"footnotes":""},"categories":[142],"tags":[31256,48,114,115,980,665,4257,32,8696,33,1014,1012,7343,151],"class_list":{"0":"post-140967","1":"post","2":"type-post","3":"status-publish","4":"format-standard","5":"has-post-thumbnail","7":"category-tv","8":"tag-ben-duncan","9":"tag-big-brother","10":"tag-entertainment","11":"tag-entretenimento","12":"tag-famosos","13":"tag-inglaterra","14":"tag-kate-middleton","15":"tag-portugal","16":"tag-principe-william","17":"tag-pt","18":"tag-reality-show","19":"tag-selfie","20":"tag-tragedia","21":"tag-tv"},"share_on_mastodon":{"url":"https:\/\/pubeurope.com\/@pt\/115498966462719589","error":""},"_links":{"self":[{"href":"https:\/\/www.europesays.com\/pt\/wp-json\/wp\/v2\/posts\/140967","targetHints":{"allow":["GET"]}}],"collection":[{"href":"https:\/\/www.europesays.com\/pt\/wp-json\/wp\/v2\/posts"}],"about":[{"href":"https:\/\/www.europesays.com\/pt\/wp-json\/wp\/v2\/types\/post"}],"author":[{"embeddable":true,"href":"https:\/\/www.europesays.com\/pt\/wp-json\/wp\/v2\/users\/2"}],"replies":[{"embeddable":true,"href":"https:\/\/www.europesays.com\/pt\/wp-json\/wp\/v2\/comments?post=140967"}],"version-history":[{"count":0,"href":"https:\/\/www.europesays.com\/pt\/wp-json\/wp\/v2\/posts\/140967\/revisions"}],"wp:featuredmedia":[{"embeddable":true,"href":"https:\/\/www.europesays.com\/pt\/wp-json\/wp\/v2\/media\/140968"}],"wp:attachment":[{"href":"https:\/\/www.europesays.com\/pt\/wp-json\/wp\/v2\/media?parent=140967"}],"wp:term":[{"taxonomy":"category","embeddable":true,"href":"https:\/\/www.europesays.com\/pt\/wp-json\/wp\/v2\/categories?post=140967"},{"taxonomy":"post_tag","embeddable":true,"href":"https:\/\/www.europesays.com\/pt\/wp-json\/wp\/v2\/tags?post=140967"}],"curies":[{"name":"wp","href":"https:\/\/api.w.org\/{rel}","templated":true}]}}