{"id":140981,"date":"2025-11-05T20:39:08","date_gmt":"2025-11-05T20:39:08","guid":{"rendered":"https:\/\/www.europesays.com\/pt\/140981\/"},"modified":"2025-11-05T20:39:08","modified_gmt":"2025-11-05T20:39:08","slug":"noivado-chegou-ao-fim-joao-moura-caetano-esclarece-tudo-sobre-relacao-com-luiza-abreu-secret-story","status":"publish","type":"post","link":"https:\/\/www.europesays.com\/pt\/140981\/","title":{"rendered":"Noivado chegou ao fim? Jo\u00e3o Moura Caetano esclarece tudo sobre rela\u00e7\u00e3o com Lu\u00edza Abreu &#8211; Secret Story"},"content":{"rendered":"<p data-end=\"752\" data-start=\"483\"><strong>Jo\u00e3o Moura Caetano<\/strong> celebrou esta quarta-feira, 5 de novembro, a conquista do primeiro lugar no ranking dos toureiros pelo terceiro ano consecutivo e, para assinalar o feito, entrou em direto no programa \u00abV+ Fama\u00bb, do V+, para uma conversa com Adriano Silva Martins.<\/p>\n<p data-end=\"1071\" data-start=\"754\">Al\u00e9m da carreira, o apresentador n\u00e3o deixou passar os rumores que t\u00eam circulado sobre a vida pessoal do cavaleiro, nomeadamente sobre uma alegada crise com Lu\u00edza Abreu, ex-concorrente do <a href=\"https:\/\/tvi.iol.pt\/bigbrother\/\" target=\"_blank\" rel=\"nofollow noopener\"><strong>Big Brother Ver\u00e3o<\/strong><\/a>, e o suposto adiamento do casamento. Sem rodeios, Jo\u00e3o Moura Caetano reagiu \u00e0s not\u00edcias e mostrou-se tranquilo com o que se comenta fora da rela\u00e7\u00e3o. <strong>\u00abDou o valor que merecem, n\u00e3o sei de onde \u00e9 que saem nem quero saber, n\u00e3o \u00e9 uma coisa que me atormenta ou que eu tenha interesse\u00bb<\/strong>, afirmou, descartando pol\u00e9micas.<\/p>\n<p data-end=\"1417\" data-start=\"1237\">Confrontado diretamente, o cavaleiro fez quest\u00e3o de esclarecer o tema que tem alimentado especula\u00e7\u00f5es: <strong>\u00abA verdade \u00e9 que n\u00e3o foi adiado casamento nenhum, porque n\u00e3o teve marcado\u00bb<\/strong>.<\/p>\n<p data-end=\"1899\" data-start=\"1419\">Jo\u00e3o Moura Caetano explicou ainda que, ap\u00f3s o pedido de casamento, o casal chegou a ponderar uma cerim\u00f3nia r\u00e1pida, mas percebeu que os preparativos s\u00e3o mais exigentes do que imaginavam.<\/p>\n<p data-end=\"2051\" data-start=\"1901\">Sem pressas e com a rela\u00e7\u00e3o s\u00f3lida, o cavaleiro deixou claro que o casamento continua nos planos, mas sem datas impostas e livre de press\u00f5es externas.<\/p>\n<p>Veja a entrevista aqui: <\/p>\n","protected":false},"excerpt":{"rendered":"Jo\u00e3o Moura Caetano celebrou esta quarta-feira, 5 de novembro, a conquista do primeiro lugar no ranking dos toureiros&hellip;\n","protected":false},"author":2,"featured_media":140982,"comment_status":"","ping_status":"","sticky":false,"template":"","format":"standard","meta":{"footnotes":""},"categories":[142],"tags":[18706,48,1170,114,115,18705,1402,841,32,33,151,18704],"class_list":{"0":"post-140981","1":"post","2":"type-post","3":"status-publish","4":"format-standard","5":"has-post-thumbnail","7":"category-tv","8":"tag-bastidores-secret-story","9":"tag-big-brother","10":"tag-big-brother-verao","11":"tag-entertainment","12":"tag-entretenimento","13":"tag-entrevistas-concorrentes-tvi","14":"tag-joao-moura-caetano","15":"tag-luiza-abreu","16":"tag-portugal","17":"tag-pt","18":"tag-tv","19":"tag-vida-fora-da-casa"},"share_on_mastodon":{"url":"https:\/\/pubeurope.com\/@pt\/115499025210743871","error":""},"_links":{"self":[{"href":"https:\/\/www.europesays.com\/pt\/wp-json\/wp\/v2\/posts\/140981","targetHints":{"allow":["GET"]}}],"collection":[{"href":"https:\/\/www.europesays.com\/pt\/wp-json\/wp\/v2\/posts"}],"about":[{"href":"https:\/\/www.europesays.com\/pt\/wp-json\/wp\/v2\/types\/post"}],"author":[{"embeddable":true,"href":"https:\/\/www.europesays.com\/pt\/wp-json\/wp\/v2\/users\/2"}],"replies":[{"embeddable":true,"href":"https:\/\/www.europesays.com\/pt\/wp-json\/wp\/v2\/comments?post=140981"}],"version-history":[{"count":0,"href":"https:\/\/www.europesays.com\/pt\/wp-json\/wp\/v2\/posts\/140981\/revisions"}],"wp:featuredmedia":[{"embeddable":true,"href":"https:\/\/www.europesays.com\/pt\/wp-json\/wp\/v2\/media\/140982"}],"wp:attachment":[{"href":"https:\/\/www.europesays.com\/pt\/wp-json\/wp\/v2\/media?parent=140981"}],"wp:term":[{"taxonomy":"category","embeddable":true,"href":"https:\/\/www.europesays.com\/pt\/wp-json\/wp\/v2\/categories?post=140981"},{"taxonomy":"post_tag","embeddable":true,"href":"https:\/\/www.europesays.com\/pt\/wp-json\/wp\/v2\/tags?post=140981"}],"curies":[{"name":"wp","href":"https:\/\/api.w.org\/{rel}","templated":true}]}}