{"id":141039,"date":"2025-11-05T21:38:17","date_gmt":"2025-11-05T21:38:17","guid":{"rendered":"https:\/\/www.europesays.com\/pt\/141039\/"},"modified":"2025-11-05T21:38:17","modified_gmt":"2025-11-05T21:38:17","slug":"50-filmes-classicos-para-assistir-no-dia-mundial-do-cinema","status":"publish","type":"post","link":"https:\/\/www.europesays.com\/pt\/141039\/","title":{"rendered":"50 filmes cl\u00e1ssicos para assistir no Dia Mundial do Cinema"},"content":{"rendered":"<p>\n\t\t\t\t30 filmes cl\u00e1ssicos (e 20 que considero cl\u00e1ssicos) para assistir no Dia Mundial do Cinema<br \/>\n\t\t\t\t30 filmes cl\u00e1ssicos (e 20 que considero cl\u00e1ssicos) para assistir no Dia Mundial do Cinema<br \/>\n\t\t\t\t30 filmes cl\u00e1ssicos (e 20 que considero cl\u00e1ssicos) para assistir no Dia Mundial do Cinema<br \/>\n\t\t\t\t30 filmes cl\u00e1ssicos (e 20 que considero cl\u00e1ssicos) para assistir no Dia Mundial do Cinema\n\t\t\t<\/p>\n<p>\t\t\t1.0x\t\t<\/p>\n","protected":false},"excerpt":{"rendered":"30 filmes cl\u00e1ssicos (e 20 que considero cl\u00e1ssicos) para assistir no Dia Mundial do Cinema 30 filmes cl\u00e1ssicos&hellip;\n","protected":false},"author":2,"featured_media":141040,"comment_status":"","ping_status":"","sticky":false,"template":"","format":"standard","meta":{"footnotes":""},"categories":[140],"tags":[470,11306,315,114,115,147,148,146,1409,32,33],"class_list":{"0":"post-141039","1":"post","2":"type-post","3":"status-publish","4":"format-standard","5":"has-post-thumbnail","7":"category-filmes","8":"tag-cinema","9":"tag-classico","10":"tag-cultura","11":"tag-entertainment","12":"tag-entretenimento","13":"tag-film","14":"tag-filmes","15":"tag-movies","16":"tag-oscar","17":"tag-portugal","18":"tag-pt"},"share_on_mastodon":{"url":"https:\/\/pubeurope.com\/@pt\/115499257242688582","error":""},"_links":{"self":[{"href":"https:\/\/www.europesays.com\/pt\/wp-json\/wp\/v2\/posts\/141039","targetHints":{"allow":["GET"]}}],"collection":[{"href":"https:\/\/www.europesays.com\/pt\/wp-json\/wp\/v2\/posts"}],"about":[{"href":"https:\/\/www.europesays.com\/pt\/wp-json\/wp\/v2\/types\/post"}],"author":[{"embeddable":true,"href":"https:\/\/www.europesays.com\/pt\/wp-json\/wp\/v2\/users\/2"}],"replies":[{"embeddable":true,"href":"https:\/\/www.europesays.com\/pt\/wp-json\/wp\/v2\/comments?post=141039"}],"version-history":[{"count":0,"href":"https:\/\/www.europesays.com\/pt\/wp-json\/wp\/v2\/posts\/141039\/revisions"}],"wp:featuredmedia":[{"embeddable":true,"href":"https:\/\/www.europesays.com\/pt\/wp-json\/wp\/v2\/media\/141040"}],"wp:attachment":[{"href":"https:\/\/www.europesays.com\/pt\/wp-json\/wp\/v2\/media?parent=141039"}],"wp:term":[{"taxonomy":"category","embeddable":true,"href":"https:\/\/www.europesays.com\/pt\/wp-json\/wp\/v2\/categories?post=141039"},{"taxonomy":"post_tag","embeddable":true,"href":"https:\/\/www.europesays.com\/pt\/wp-json\/wp\/v2\/tags?post=141039"}],"curies":[{"name":"wp","href":"https:\/\/api.w.org\/{rel}","templated":true}]}}