{"id":141049,"date":"2025-11-05T21:48:14","date_gmt":"2025-11-05T21:48:14","guid":{"rendered":"https:\/\/www.europesays.com\/pt\/141049\/"},"modified":"2025-11-05T21:48:14","modified_gmt":"2025-11-05T21:48:14","slug":"adriane-galisteu-revela-trollagem-de-silvio-santos-da-uma-rodadinha","status":"publish","type":"post","link":"https:\/\/www.europesays.com\/pt\/141049\/","title":{"rendered":"Adriane Galisteu revela trollagem de Silvio Santos: &#8220;D\u00e1 uma rodadinha!&#8221;"},"content":{"rendered":"<p>Contratada do SBT entre 2004 e 2008, Adriane Galisteu viveu as mais diferentes experi\u00eancias com Silvio Santos (1930-2024) &#8211;\u00a0quando\u00a0apresentou o\u00a0programa Charme no canal, a loira mudou de hor\u00e1rio mais de uma d\u00fazia de vezes.<\/p>\n<p>Durante participa\u00e7\u00e3o no Que Hist\u00f3ria \u00c9 Essa, Porchat?, do GNT, a apresentadora divertiu a plateia ao relembrar esses quatro anos agitados, nos quais p\u00f4de conferir de perto as mudan\u00e7as de humor e o vai e vem do patr\u00e3o.<\/p>\n<p>+ <a href=\"https:\/\/natelinha.uol.com.br\/famosos\/2025\/11\/04\/simone-mendes-revela-motivacoes-para-eliminar-mais-de-30-quilos-233490.php\" rel=\"nofollow noopener\" target=\"_blank\">Simone Mendes revela motiva\u00e7\u00f5es para eliminar mais de 30 quilos<\/a><\/p>\n<p>continua depois da publicidade<\/p>\n<p>+ <a href=\"https:\/\/natelinha.uol.com.br\/famosos\/2025\/11\/04\/ariana-grande-implora-perdao-aos-brasileiros-apos-ter-viagem-cancelada-233489.php\" rel=\"nofollow noopener\" target=\"_blank\">Ariana Grande implora perd\u00e3o aos brasileiros ap\u00f3s ter viagem cancelada<\/a><\/p>\n<p>&#8220;Troquei de hor\u00e1rio umas 16 vezes na grade. Uma hora era \u00e0 tarde, outra \u00e0 noite&#8230; e ele nem avisava&#8221;, contou <a href=\"https:\/\/natelinha.uol.com.br\/famosos\/tudo-sobre\/adriane-galisteu\" rel=\"nofollow noopener\" target=\"_blank\">Adriane Galisteu<\/a>,\u00a0aos risos.<\/p>\n<p>Cansada de n\u00e3o ser recebida, a famosa resolveu adotar uma abordagem diferente. &#8220;Me falaram que ele gostava de receber cartas. Escrevi tr\u00eas p\u00e1ginas, bonitinhas, e fui entregar na casa dele, com a minha m\u00e3e de c\u00famplice, tipo 11 da noite&#8221;, lembrou.<\/p>\n<p>Adriane Galisteu revela hist\u00f3ria com Silvio Santos<\/p>\n<p><img decoding=\"async\" loading=\"lazy\" class=\"horizontal\" src=\"https:\/\/www.europesays.com\/pt\/wp-content\/uploads\/2025\/11\/adriane-galisteu_9386.jpeg\" alt=\"Adriane Galisteu revela trollagem de Silvio Santos: \\\" d=\"\" uma=\"\" rodadinha=\"\"\/><\/p>\n<p>Mesmo ouvindo a pessoa que atendeu a liga\u00e7\u00e3o\u00a0dizendo &#8216;M\u00e1 oi, boa noite!&#8217;, Adriane Galisteu\u00a0perguntou se era <a href=\"https:\/\/natelinha.uol.com.br\/famosos\/tudo-sobre\/silvio-santos\" rel=\"nofollow noopener\" target=\"_blank\">Silvio Santos<\/a>. &#8220;N\u00e3o, n\u00e3o, aqui \u00e9 o Ant\u00f4nio!&#8221;, respondeu o interlocutor, ao que a loira teve certeza de que se tratava do chefe.<\/p>\n<p>continua depois da publicidade<\/p>\n<p>&#8220;Perguntei onde eu podia deixar a carta e ele ficou: &#8216;Mais pra l\u00e1&#8230; mais pra c\u00e1&#8230; mais pra c\u00e1&#8230; mais pra l\u00e1&#8230; d\u00e1 uma rodadinha!'&#8221;, relembrou, arrancando\u00a0gargalhadas de F\u00e1bio Porchat e da\u00a0plateia.<\/p>\n<p>&#8220;Eu fiz tudo o que ele mandou, coloquei a carta e fui embora achando que tinha sido sacaneada. No dia seguinte, perguntei se ele recebeu e ele respondeu: &#8216;Que carta?&#8217;. Disse que era o homem mais imitado do mundo e que devia ser o funcion\u00e1rio dele, Ant\u00f4nio. At\u00e9 hoje n\u00e3o sei se era o Silvio ou o Ant\u00f4nio&#8221;, contou Galisteu.<\/p>\n","protected":false},"excerpt":{"rendered":"Contratada do SBT entre 2004 e 2008, Adriane Galisteu viveu as mais diferentes experi\u00eancias com Silvio Santos (1930-2024)&hellip;\n","protected":false},"author":2,"featured_media":141050,"comment_status":"","ping_status":"","sticky":false,"template":"","format":"standard","meta":{"footnotes":""},"categories":[145],"tags":[3433,211,210,114,115,32,33,10646],"class_list":{"0":"post-141049","1":"post","2":"type-post","3":"status-publish","4":"format-standard","5":"has-post-thumbnail","7":"category-celebridades","8":"tag-adriane-galisteu","9":"tag-celebridades","10":"tag-celebrities","11":"tag-entertainment","12":"tag-entretenimento","13":"tag-portugal","14":"tag-pt","15":"tag-silvio-santos"},"share_on_mastodon":{"url":"https:\/\/pubeurope.com\/@pt\/115499296690465999","error":""},"_links":{"self":[{"href":"https:\/\/www.europesays.com\/pt\/wp-json\/wp\/v2\/posts\/141049","targetHints":{"allow":["GET"]}}],"collection":[{"href":"https:\/\/www.europesays.com\/pt\/wp-json\/wp\/v2\/posts"}],"about":[{"href":"https:\/\/www.europesays.com\/pt\/wp-json\/wp\/v2\/types\/post"}],"author":[{"embeddable":true,"href":"https:\/\/www.europesays.com\/pt\/wp-json\/wp\/v2\/users\/2"}],"replies":[{"embeddable":true,"href":"https:\/\/www.europesays.com\/pt\/wp-json\/wp\/v2\/comments?post=141049"}],"version-history":[{"count":0,"href":"https:\/\/www.europesays.com\/pt\/wp-json\/wp\/v2\/posts\/141049\/revisions"}],"wp:featuredmedia":[{"embeddable":true,"href":"https:\/\/www.europesays.com\/pt\/wp-json\/wp\/v2\/media\/141050"}],"wp:attachment":[{"href":"https:\/\/www.europesays.com\/pt\/wp-json\/wp\/v2\/media?parent=141049"}],"wp:term":[{"taxonomy":"category","embeddable":true,"href":"https:\/\/www.europesays.com\/pt\/wp-json\/wp\/v2\/categories?post=141049"},{"taxonomy":"post_tag","embeddable":true,"href":"https:\/\/www.europesays.com\/pt\/wp-json\/wp\/v2\/tags?post=141049"}],"curies":[{"name":"wp","href":"https:\/\/api.w.org\/{rel}","templated":true}]}}