{"id":141062,"date":"2025-11-05T22:02:22","date_gmt":"2025-11-05T22:02:22","guid":{"rendered":"https:\/\/www.europesays.com\/pt\/141062\/"},"modified":"2025-11-05T22:02:22","modified_gmt":"2025-11-05T22:02:22","slug":"e-oficial-alice-alves-e-carlos-afonso-estao-separados-mas-ha-um-detalhe-que-ninguem-esperava-secret-story","status":"publish","type":"post","link":"https:\/\/www.europesays.com\/pt\/141062\/","title":{"rendered":"\u00c9 oficial. Alice Alves e Carlos Afonso est\u00e3o separados: mas h\u00e1 um detalhe que ningu\u00e9m esperava &#8211; Secret Story"},"content":{"rendered":"<p>\u00c9 a not\u00edcia do dia.\u00a0<strong>Alice Alves est\u00e1 separada de Carlos Afonso.<\/strong> Depois de v\u00e1rios rumores, <a href=\"https:\/\/tvi.iol.pt\/secretstory\/videos\/alice-alves-conta-novidades-que-vao-agitar-a-casa-na-gala-deste-domingo\/69064cd60cf2c7eb24443f13\" rel=\"nofollow noopener\" target=\"_blank\">a apresentadora da TVI<\/a> confirmou o fim da rela\u00e7\u00e3o com pai da filha,<strong> Benedita.<\/strong><\/p>\n<p>A novidade foi dada atrav\u00e9s de um story do Instagram, em que a comunicadora esclareceu que est\u00e1 separada do chef h\u00e1 quase um ano. \u00ab<strong>O amor continua&#8230; Simplesmente mudou de forma h\u00e1 quase um ano\u00bb<\/strong>, come\u00e7ou por escrever.<\/p>\n<p><strong>\u00abEu e o Carlos continuamos unidos como amigos e ligados pelo que temos de mais importante: a nossa filha.<\/strong> Agradecemos o carinho e a preocupa\u00e7\u00e3o de todos e solicitamos, com respeito, que seja preservada a nossa privacidade\u00bb, acrescentou Alice.<\/p>\n<p>Por fim, a apresentadora do <a href=\"https:\/\/tvi.iol.pt\/secretstory\/search?pagina=1&amp;pesquisa=alice+alves\" rel=\"nofollow noopener\" target=\"_blank\">\u00daltima Hora do Secret Story<\/a> garantiu que n\u00e3o vai falar mais sobre o tema: <strong>\u00abPor agora n\u00e3o faremos mais declara\u00e7\u00f5es sobre este tema. Um beijinho, Alice\u00bb.<\/strong><\/p>\n<p><strong>Percorra a nossa galeria e veja tudo<\/strong><\/p>\n<p>O casal estava junto desde 2021.<strong> Carlos e Alice conheceram-se durante as grava\u00e7\u00f5es de um programa de televis\u00e3o. <\/strong>Em 2022, deram as boas-vindas \u00e0 primeira e<strong> \u00fanica filha em comum &#8211; Benedita -, mas agora decidiram seguir caminhos separados.<\/strong><\/p>\n","protected":false},"excerpt":{"rendered":"\u00c9 a not\u00edcia do dia.\u00a0Alice Alves est\u00e1 separada de Carlos Afonso. Depois de v\u00e1rios rumores, a apresentadora da&hellip;\n","protected":false},"author":2,"featured_media":141063,"comment_status":"","ping_status":"","sticky":false,"template":"","format":"standard","meta":{"footnotes":""},"categories":[8],"tags":[8113,18706,27,28,31248,18705,15,16,14,25,26,21,22,12,13,19,20,32,23,24,33,17,18,29,30,31,18704],"class_list":{"0":"post-141062","1":"post","2":"type-post","3":"status-publish","4":"format-standard","5":"has-post-thumbnail","7":"category-principais-noticias","8":"tag-alice-alves","9":"tag-bastidores-secret-story","10":"tag-breaking-news","11":"tag-breakingnews","12":"tag-carlos-afonso","13":"tag-entrevistas-concorrentes-tvi","14":"tag-featured-news","15":"tag-featurednews","16":"tag-headlines","17":"tag-latest-news","18":"tag-latestnews","19":"tag-main-news","20":"tag-mainnews","21":"tag-news","22":"tag-noticias","23":"tag-noticias-principais","24":"tag-noticiasprincipais","25":"tag-portugal","26":"tag-principais-noticias","27":"tag-principaisnoticias","28":"tag-pt","29":"tag-top-stories","30":"tag-topstories","31":"tag-ultimas","32":"tag-ultimas-noticias","33":"tag-ultimasnoticias","34":"tag-vida-fora-da-casa"},"share_on_mastodon":{"url":"","error":"Validation failed: Text character limit of 500 exceeded"},"_links":{"self":[{"href":"https:\/\/www.europesays.com\/pt\/wp-json\/wp\/v2\/posts\/141062","targetHints":{"allow":["GET"]}}],"collection":[{"href":"https:\/\/www.europesays.com\/pt\/wp-json\/wp\/v2\/posts"}],"about":[{"href":"https:\/\/www.europesays.com\/pt\/wp-json\/wp\/v2\/types\/post"}],"author":[{"embeddable":true,"href":"https:\/\/www.europesays.com\/pt\/wp-json\/wp\/v2\/users\/2"}],"replies":[{"embeddable":true,"href":"https:\/\/www.europesays.com\/pt\/wp-json\/wp\/v2\/comments?post=141062"}],"version-history":[{"count":0,"href":"https:\/\/www.europesays.com\/pt\/wp-json\/wp\/v2\/posts\/141062\/revisions"}],"wp:featuredmedia":[{"embeddable":true,"href":"https:\/\/www.europesays.com\/pt\/wp-json\/wp\/v2\/media\/141063"}],"wp:attachment":[{"href":"https:\/\/www.europesays.com\/pt\/wp-json\/wp\/v2\/media?parent=141062"}],"wp:term":[{"taxonomy":"category","embeddable":true,"href":"https:\/\/www.europesays.com\/pt\/wp-json\/wp\/v2\/categories?post=141062"},{"taxonomy":"post_tag","embeddable":true,"href":"https:\/\/www.europesays.com\/pt\/wp-json\/wp\/v2\/tags?post=141062"}],"curies":[{"name":"wp","href":"https:\/\/api.w.org\/{rel}","templated":true}]}}