{"id":141066,"date":"2025-11-05T22:06:15","date_gmt":"2025-11-05T22:06:15","guid":{"rendered":"https:\/\/www.europesays.com\/pt\/141066\/"},"modified":"2025-11-05T22:06:15","modified_gmt":"2025-11-05T22:06:15","slug":"cristian-cravinhos-e-duda-revelam-novos-detalhes-sobre-romance-em-prisao-e-fetiche-com-calcinha","status":"publish","type":"post","link":"https:\/\/www.europesays.com\/pt\/141066\/","title":{"rendered":"Cristian Cravinhos e Duda revelam novos detalhes sobre romance em pris\u00e3o e fetiche com calcinha"},"content":{"rendered":"\n<p class=\" content-text__container theme-color-primary-first-letter\" data-track-category=\"Link no Texto\" data-track-links=\"\"> Figuras retratadas em &#8220;Trememb\u00e9&#8221;, s\u00e9rie do <a class=\"\" href=\"https:\/\/oglobo.globo.com\/tudo-sobre\/streaming\/prime-video\/\" rel=\"nofollow noopener\" target=\"_blank\">Prime Video<\/a> inspirada no livro hom\u00f4nimo do<a class=\"\" href=\"https:\/\/oglobo.globo.com\/blogs\/true-crime\/\" rel=\"nofollow noopener\" target=\"_blank\"> colunista do GLOBO<\/a> <a class=\"\" href=\"https:\/\/oglobo.globo.com\/blogs\/true-crime\/\" rel=\"nofollow noopener\" target=\"_blank\">Ulisses Campbell<\/a>, Cristian Cravinhos e Duda se pronunciaram, por meio das redes sociais, ap\u00f3s a produ\u00e7\u00e3o audiovisual trazer \u00e0 tona detalhes do romance vivido pelos dois na pris\u00e3o. Se, por um lado, o irm\u00e3o de Daniel Cravinhos \u2014 ambos condenados pelo assassinato de Manfred e Mar\u00edsia von Richthofen em 2002 \u2014 nega, com veem\u00eancia, o relacionamento gay, Duda, por outro lado, exp\u00f5e novos pormenores sobre o namoro e mostra &#8220;provas&#8221; do caso amoroso, incluindo imagens da calcinha que Cristian teria usado numa das rela\u00e7\u00f5es sexuais, como a s\u00e9rie apresenta. <\/p>\n<ul class=\"content-unordered-list\">\n<li><strong>Liberdade:<\/strong> <a class=\"\" href=\"https:\/\/oglobo.globo.com\/cultura\/noticia\/2025\/11\/04\/tremembe-como-esta-hoje-elize-matsunaga-que-diz-ter-vencido-e-acredita-que-marido-assassinado-a-perdoou.ghtml\" rel=\"nofollow noopener\" target=\"_blank\">Trememb\u00e9&#8217; \u2014 como est\u00e1 hoje Elize Matsunaga, que diz ter &#8216;vencido&#8217; e acredita que marido assassinado a perdoou<\/a><\/li>\n<li><strong>Trememb\u00e9:<\/strong> <a class=\"\" href=\"https:\/\/oglobo.globo.com\/cultura\/noticia\/2025\/11\/02\/tremembe-quem-e-sandrao-a-detenta-que-namorou-elize-matsunaga-e-suzane-von-richthofen-e-e-destaque-em-serie.ghtml\" rel=\"nofollow noopener\" target=\"_blank\">Quem \u00e9 Sandr\u00e3o, a detenta que namorou Elize Matsunaga e Suzane von Richthofen e \u00e9 destaque em s\u00e9rie<\/a><\/li>\n<\/ul>\n<p class=\" content-text__container \" data-track-category=\"Link no Texto\" data-track-links=\"\"> Hoje com 36 anos, Duda \u2014 que foi condenado por assalto \u00e0 m\u00e3o armada \u2014 conta que se encontrou apenas uma vez com Cristian ap\u00f3s a sa\u00edda da pris\u00e3o. Depois, segundo ele, os dois continuaram se comunicando por meio de cartas. &#8220;Cristian era incr\u00edvel comigo. N\u00e3o tinha nada que eu quisesse l\u00e1 dentro, e que ele n\u00e3o fizesse por mim&#8221;, afirmou, em live no Instagram, na noite da \u00faltima ter\u00e7a-feira (4), ressaltando que o parceiro era sempre &#8220;fofo&#8221;, nas palavras do ex-presidi\u00e1rio, interpretado pelo ator Jo\u00e3o Pedro Mariano na fic\u00e7\u00e3o. <\/p>\n<p>    Veja como est\u00e3o as figuras reais retratadas na s\u00e9rie &#8216;Trememb\u00e9&#8217;         <\/p>\n<p>.<\/p>\n<p class=\" content-text__container \" data-track-category=\"Link no Texto\" data-track-links=\"\"> Na ocasi\u00e3o em que os dois cumpriam as penas, ambos estavam casados com outras pessoas fora do c\u00e1rcere. Em determinado momento, o parceiro de Duda descobriu o caso do marido com Cristian e deixou de visit\u00e1-lo na pris\u00e3o. Duda, que s\u00f3 usava sabonetes de duas marcas \u2014 que eram sempre levados pelo marido \u2014, viu, ent\u00e3o, Cristian o ajudar a conseguir os produtos na pris\u00e3o. <\/p>\n<p class=\" content-text__container \" data-track-category=\"Link no Texto\" data-track-links=\"\"> &#8220;Cristian saiu arrecadando na cadeia inteira. Ele comprou, da cadeia inteira, todos os sabonetes das duas marcas que eu usava e fez um cora\u00e7\u00e3o gigante na minha cama com os sabonetes&#8221;, revelou o ex-presidi\u00e1rio. &#8220;Ih, tem tanta hist\u00f3ria&#8230; Teve um dia que eu enchi a cama de cora\u00e7\u00f5es e enfeitei a cama com v\u00e1rias coisas, e o Daniel (irm\u00e3o de Cristian) nem acreditou. Ele falava que eu era de outro mundo.&#8221; <\/p>\n<p>Cristian nega rela\u00e7\u00e3o gay<\/p>\n<p class=\" content-text__container \" data-track-category=\"Link no Texto\" data-track-links=\"\"> Em v\u00eddeo publicado tamb\u00e9m no Instagram, na \u00faltima ter\u00e7a-feira (4), Cristian reagiu aos fatos divulgados e mostrou inc\u00f4modo com a repercuss\u00e3o da s\u00e9rie, sobretudo com rela\u00e7\u00e3o ao trecho em que ele aparece (na pele do ator Kelner Macedo) usando uma calcinha durante rela\u00e7\u00e3o sexual com Duda. <\/p>\n<p>      <img decoding=\"async\" class=\"content-media__image\"  src=\"https:\/\/www.europesays.com\/pt\/wp-content\/uploads\/2025\/11\/cristian-cravinhos-calcinha.jpg\" alt=\"Cristian Cravinhos (\u00e0 esquerda) aparece na s\u00e9rie 'Trememb\u00e9' realizando fetiche sexual com uso de calcinha; na produ\u00e7\u00e3o audiovisual, ele \u00e9 interpretado pelo ator Kelner Macedo (\u00e0 direita) \u2014 Foto: Reprodu\u00e7\u00e3o\/Instagram e Reprodu\u00e7\u00e3o\/PrimeVideo\" width=\"300\" height=\"168\" loading=\"lazy\"\/>  Cristian Cravinhos (\u00e0 esquerda) aparece na s\u00e9rie &#8216;Trememb\u00e9&#8217; realizando fetiche sexual com uso de calcinha; na produ\u00e7\u00e3o audiovisual, ele \u00e9 interpretado pelo ator Kelner Macedo (\u00e0 direita) \u2014 Foto: Reprodu\u00e7\u00e3o\/Instagram e Reprodu\u00e7\u00e3o\/PrimeVideo       <\/p>\n<p class=\" content-text__container \" data-track-category=\"Link no Texto\" data-track-links=\"\"> &#8220;N\u00e3o devo satisfa\u00e7\u00e3o a ningu\u00e9m. N\u00e3o vou gerar engajamento para ningu\u00e9m. Que Duda o qu\u00ea&#8230; O Brasil cheio de problemas, e voc\u00eas focados neste assunto, que j\u00e1 deveria estar enterrado. Isso mostra muito sobre o pa\u00eds e sobre os valores que realmente importam&#8221;, manifestou-se Cristian. <\/p>\n<p class=\" content-text__container \" data-track-category=\"Link no Texto\" data-track-links=\"\"> Duda, por sua vez, rebateu o ex-parceiro, confirmou o fetiche sexual de Cristian e revelou que guarda at\u00e9 hoje a tal pe\u00e7a \u00edntima. Mas ele ponderou que entende as rea\u00e7\u00f5es do irm\u00e3o de Daniel Cravinhos. <\/p>\n<p class=\" content-text__container \" data-track-category=\"Link no Texto\" data-track-links=\"\"> &#8220;Ah, gente, n\u00e3o \u00e9 f\u00e1cil para ele. Ele \u00e9 h\u00e9tero. O mundo dele \u00e9 outro&#8230; Claro que ele n\u00e3o vai querer assumir que teve um caso com um gay dentro da unidade prisional. Mas teve&#8230; Teve, sim! E eu posso provar: tenho cartas, a calcinha e v\u00e1rias pessoas, gente aqui fora e l\u00e1 dentro da cadeia. At\u00e9 minha m\u00e3e, que ele conversava. Todo mundo sabia da nossa rela\u00e7\u00e3o&#8221;, acrescentou Duda, que exp\u00f4s a foto da calcinha real, assim como o fez o jornalista Ulisses Campbell. <\/p>\n<p class=\" content-text__container \" data-track-category=\"Link no Texto\" data-track-links=\"\"> &#8220;No jornalismo, um testemunho gravado n\u00e3o basta para publicar uma hist\u00f3ria, sobretudo quando ela \u00e9 controversa. Muitas vezes \u00e9 necess\u00e1rio apresentar provas materiais&#8221;, refor\u00e7ou Campbell, ao dar detalhes sobre o processo de pesquisa para a obra jornal\u00edstica que inspira a s\u00e9rie. <\/p>\n","protected":false},"excerpt":{"rendered":"Figuras retratadas em &#8220;Trememb\u00e9&#8221;, s\u00e9rie do Prime Video inspirada no livro hom\u00f4nimo do colunista do GLOBO Ulisses Campbell,&hellip;\n","protected":false},"author":2,"featured_media":141067,"comment_status":"","ping_status":"","sticky":false,"template":"","format":"standard","meta":{"footnotes":""},"categories":[142],"tags":[114,115,32,1587,33,679,151],"class_list":{"0":"post-141066","1":"post","2":"type-post","3":"status-publish","4":"format-standard","5":"has-post-thumbnail","7":"category-tv","8":"tag-entertainment","9":"tag-entretenimento","10":"tag-portugal","11":"tag-prime-video","12":"tag-pt","13":"tag-reportagem","14":"tag-tv"},"share_on_mastodon":{"url":"https:\/\/pubeurope.com\/@pt\/115499367531340519","error":""},"_links":{"self":[{"href":"https:\/\/www.europesays.com\/pt\/wp-json\/wp\/v2\/posts\/141066","targetHints":{"allow":["GET"]}}],"collection":[{"href":"https:\/\/www.europesays.com\/pt\/wp-json\/wp\/v2\/posts"}],"about":[{"href":"https:\/\/www.europesays.com\/pt\/wp-json\/wp\/v2\/types\/post"}],"author":[{"embeddable":true,"href":"https:\/\/www.europesays.com\/pt\/wp-json\/wp\/v2\/users\/2"}],"replies":[{"embeddable":true,"href":"https:\/\/www.europesays.com\/pt\/wp-json\/wp\/v2\/comments?post=141066"}],"version-history":[{"count":0,"href":"https:\/\/www.europesays.com\/pt\/wp-json\/wp\/v2\/posts\/141066\/revisions"}],"wp:featuredmedia":[{"embeddable":true,"href":"https:\/\/www.europesays.com\/pt\/wp-json\/wp\/v2\/media\/141067"}],"wp:attachment":[{"href":"https:\/\/www.europesays.com\/pt\/wp-json\/wp\/v2\/media?parent=141066"}],"wp:term":[{"taxonomy":"category","embeddable":true,"href":"https:\/\/www.europesays.com\/pt\/wp-json\/wp\/v2\/categories?post=141066"},{"taxonomy":"post_tag","embeddable":true,"href":"https:\/\/www.europesays.com\/pt\/wp-json\/wp\/v2\/tags?post=141066"}],"curies":[{"name":"wp","href":"https:\/\/api.w.org\/{rel}","templated":true}]}}