{"id":141078,"date":"2025-11-05T22:21:10","date_gmt":"2025-11-05T22:21:10","guid":{"rendered":"https:\/\/www.europesays.com\/pt\/141078\/"},"modified":"2025-11-05T22:21:10","modified_gmt":"2025-11-05T22:21:10","slug":"tem-panico-de-trovoada-cristina-ferreira-ensina-o-truque-infalivel-que-herdou-da-mae-secret-story","status":"publish","type":"post","link":"https:\/\/www.europesays.com\/pt\/141078\/","title":{"rendered":"Tem p\u00e2nico de trovoada? Cristina Ferreira ensina o truque infal\u00edvel que herdou da m\u00e3e &#8211; Secret Story"},"content":{"rendered":"<p data-end=\"384\" data-start=\"103\">Cristina Ferreira recorreu \u00e0s redes sociais na noite desta ter\u00e7a-feira para partilhar um momento de introspe\u00e7\u00e3o e mem\u00f3ria familiar. A apresentadora da TVI publicou, nas stories do Instagram, uma ora\u00e7\u00e3o tradicional dedicada a Santa B\u00e1rbara, pedindo prote\u00e7\u00e3o contra as trovoadas.<\/p>\n<p data-end=\"549\" data-start=\"388\"><strong>\u00abSanta B\u00e1rbara afastai a trovoada, l\u00e1 para bem longe, onde n\u00e3o haja eira nem beira, nem folha de oliveira, nem pedrinha de sal onde possa fazer mal\u00bb<\/strong>, escreveu.<\/p>\n<p data-end=\"661\" data-start=\"551\">Na mesma publica\u00e7\u00e3o, Cristina revelou que aprendeu esta ora\u00e7\u00e3o com a m\u00e3e, que sempre teve medo de trovoadas: \u00ab<strong>Aprendi esta ora\u00e7\u00e3o com a minha m\u00e3e, que sempre teve p\u00e2nico de trovoada. Esta noite, confesso, que dei por mim a diz\u00ea-la\u00bb.<\/strong><\/p>\n<p data-end=\"661\" data-start=\"551\"><strong>\u00a0<img loading=\"lazy\" decoding=\"async\" alt=\"\" height=\"346\" src=\"https:\/\/www.europesays.com\/pt\/wp-content\/uploads\/2025\/11\/690ba09ed34e2bd5c6d3ac47.webp\" width=\"175\"\/><\/strong><\/p>\n<p data-end=\"1044\" data-start=\"791\">A partilha rapidamente chamou a aten\u00e7\u00e3o dos seguidores pela sua simplicidade e carga emocional, mostrando um lado mais nost\u00e1lgico da apresentadora, que n\u00e3o hesitou em revisitar um h\u00e1bito de inf\u00e2ncia.<\/p>\n","protected":false},"excerpt":{"rendered":"Cristina Ferreira recorreu \u00e0s redes sociais na noite desta ter\u00e7a-feira para partilhar um momento de introspe\u00e7\u00e3o e mem\u00f3ria&hellip;\n","protected":false},"author":2,"featured_media":141079,"comment_status":"","ping_status":"","sticky":false,"template":"","format":"standard","meta":{"footnotes":""},"categories":[142],"tags":[18706,166,114,115,18705,32,33,151,18704],"class_list":{"0":"post-141078","1":"post","2":"type-post","3":"status-publish","4":"format-standard","5":"has-post-thumbnail","7":"category-tv","8":"tag-bastidores-secret-story","9":"tag-cristina-ferreira","10":"tag-entertainment","11":"tag-entretenimento","12":"tag-entrevistas-concorrentes-tvi","13":"tag-portugal","14":"tag-pt","15":"tag-tv","16":"tag-vida-fora-da-casa"},"share_on_mastodon":{"url":"https:\/\/pubeurope.com\/@pt\/115499426508324484","error":""},"_links":{"self":[{"href":"https:\/\/www.europesays.com\/pt\/wp-json\/wp\/v2\/posts\/141078","targetHints":{"allow":["GET"]}}],"collection":[{"href":"https:\/\/www.europesays.com\/pt\/wp-json\/wp\/v2\/posts"}],"about":[{"href":"https:\/\/www.europesays.com\/pt\/wp-json\/wp\/v2\/types\/post"}],"author":[{"embeddable":true,"href":"https:\/\/www.europesays.com\/pt\/wp-json\/wp\/v2\/users\/2"}],"replies":[{"embeddable":true,"href":"https:\/\/www.europesays.com\/pt\/wp-json\/wp\/v2\/comments?post=141078"}],"version-history":[{"count":0,"href":"https:\/\/www.europesays.com\/pt\/wp-json\/wp\/v2\/posts\/141078\/revisions"}],"wp:featuredmedia":[{"embeddable":true,"href":"https:\/\/www.europesays.com\/pt\/wp-json\/wp\/v2\/media\/141079"}],"wp:attachment":[{"href":"https:\/\/www.europesays.com\/pt\/wp-json\/wp\/v2\/media?parent=141078"}],"wp:term":[{"taxonomy":"category","embeddable":true,"href":"https:\/\/www.europesays.com\/pt\/wp-json\/wp\/v2\/categories?post=141078"},{"taxonomy":"post_tag","embeddable":true,"href":"https:\/\/www.europesays.com\/pt\/wp-json\/wp\/v2\/tags?post=141078"}],"curies":[{"name":"wp","href":"https:\/\/api.w.org\/{rel}","templated":true}]}}