{"id":141080,"date":"2025-11-05T22:25:11","date_gmt":"2025-11-05T22:25:11","guid":{"rendered":"https:\/\/www.europesays.com\/pt\/141080\/"},"modified":"2025-11-05T22:25:11","modified_gmt":"2025-11-05T22:25:11","slug":"de-paciente-a-defensora-do-diagnostico-precoce-a-jornada-contra-o-cancer-de-mama","status":"publish","type":"post","link":"https:\/\/www.europesays.com\/pt\/141080\/","title":{"rendered":"De paciente a defensora do diagn\u00f3stico precoce: a jornada contra o c\u00e2ncer de mama"},"content":{"rendered":"<p data-component-name=\"paragraph\" class=\"styles__ParagraphStyled-sc-6adecn-0 gsLklW  \">Foi durante uma campanha do Outubro Rosa que Sandra Mendon\u00e7a decidiu fazer o exame. Realizada em um caminh\u00e3o do SUS (Sistema \u00danico de Sa\u00fade), a mamografia indicou um poss\u00edvel carcinoma. Em 29 de outubro de 2021, o ultrassom confirmou o tumor com suspeita de malignidade. Sandra lembra que o diagn\u00f3stico precoce foi essencial. \u201cO c\u00e2ncer \u00e9 uma corrida contra o tempo. Quanto mais r\u00e1pido o diagn\u00f3stico, maiores as chances de cura.\u201d<\/p>\n<p data-component-name=\"paragraph\" class=\"styles__ParagraphStyled-sc-6adecn-0 gsLklW  \">Portadora de uma altera\u00e7\u00e3o heredit\u00e1ria (BRCA1) que aumenta o risco de desenvolvimento de c\u00e2ncer \u2013 entre eles, o de mama e o de ov\u00e1rio \u2013, Sandra n\u00e3o foi a \u00fanica da fam\u00edlia a enfrentar a doen\u00e7a: sua m\u00e3e e duas irm\u00e3s tamb\u00e9m receberam o diagn\u00f3stico. \u201cMesmo com medo, sabia que n\u00e3o era uma senten\u00e7a de morte\u201d, conta.<\/p>\n<p><img  loading=\"lazy\" class=\"lazy-load-img\"\/><\/p>\n<p>Campanha do Outubro Rosa foi fundamental para que Sandra Mendon\u00e7a e Kelli Corr\u00eaa descobrissem a doen\u00e7a<br \/>\n\u00a0Foto:  Taras Grebinets\/Adobe Stock<\/p>\n<p data-component-name=\"paragraph\" class=\"styles__ParagraphStyled-sc-6adecn-0 gsLklW  \">De acordo com dados do A.C.Camargo Cancer Center, quando o c\u00e2ncer de mama \u00e9 diagnosticado em est\u00e1gio inicial, as chances de cura variam entre 95% e 97%. A institui\u00e7\u00e3o ressalta que o \u00edndice elevado est\u00e1 diretamente ligado \u00e0 detec\u00e7\u00e3o precoce e ao in\u00edcio imediato do tratamento, fatores decisivos para uma resposta positiva.<\/p>\n<p>Durante o tratamento, Sandra passou por quimioterapia e radioterapia e, sob orienta\u00e7\u00e3o m\u00e9dica, optou pela retirada das mamas e do ov\u00e1rio para prevenir o retorno da doen\u00e7a. Hoje, aos 50 anos, ela dedica parte da rotina a conscientizar outras mulheres sobre a import\u00e2ncia do diagn\u00f3stico precoce, por meio de publica\u00e7\u00f5es em seu perfil no Instagram (@sandramendonca67).<\/p>\n<p>\u201cQuando voc\u00ea est\u00e1 doente, s\u00f3 enxerga dor. Por isso, ver algu\u00e9m curada \u00e9 um impulso. Quero que outras mulheres saibam que \u00e9 poss\u00edvel vencer\u201d, afirma.<\/p>\n<p data-component-name=\"paragraph\" class=\"styles__ParagraphStyled-sc-6adecn-0 gsLklW  \">A m\u00e9dica oncologista Carla Dias, do Instituto do C\u00e2ncer do Estado de S\u00e3o Paulo (ICESP), explica que o c\u00e2ncer de mama apresenta varia\u00e7\u00f5es de pessoa para pessoa, e que cada paciente \u00e9 \u00fanica. Ela tamb\u00e9m ressalta a import\u00e2ncia da humaniza\u00e7\u00e3o no atendimento como parte fundamental do processo de cura.<\/p>\n<p data-component-name=\"paragraph\" class=\"styles__ParagraphStyled-sc-6adecn-0 gsLklW  \">\u201cCuramos com rem\u00e9dio, mas tamb\u00e9m com empatia e com o olhar humano\u201d, destaca a especialista.<\/p>\n<p>C\u00e2ncer na gravidez<\/p>\n<p data-component-name=\"paragraph\" class=\"styles__ParagraphStyled-sc-6adecn-0 gsLklW  \">Em 2018, Kelli Corr\u00eaa ouviu no r\u00e1dio uma chamada sobre a campanha de combate ao c\u00e2ncer de mama. Apesar de j\u00e1 realizar o rastreamento regularmente, havia ficado um ano sem faz\u00ea-lo ap\u00f3s a gesta\u00e7\u00e3o do primeiro filho, aos 40 anos.<\/p>\n<p data-component-name=\"paragraph\" class=\"styles__ParagraphStyled-sc-6adecn-0 gsLklW  \">No exame, veio o diagn\u00f3stico de c\u00e2ncer e, poucas semanas depois, a descoberta da segunda gravidez. Mesmo em choque, Kelli decidiu que viveria as duas experi\u00eancias simultaneamente. \u201cEra a doen\u00e7a e a vida juntas. Ent\u00e3o, foquei na vida\u201d, lembra.<\/p>\n<p data-component-name=\"paragraph\" class=\"styles__ParagraphStyled-sc-6adecn-0 gsLklW  \">Com 21 semanas de gesta\u00e7\u00e3o, Kelli fez a cirurgia para retirada do n\u00f3dulo e iniciou a quimioterapia ainda durante a gravidez. A filha, Al\u00edcia, veio ao mundo com sa\u00fade. Seis anos depois, Kelli continua realizando exames preventivos e de rastreamento. \u201cO corpo d\u00e1 sinais o tempo todo e a preven\u00e7\u00e3o salvou minha vida.\u201d<\/p>\n<p data-component-name=\"paragraph\" class=\"styles__ParagraphStyled-sc-6adecn-0 gsLklW  \">Apesar de trajet\u00f3rias diferentes, Sandra e Kelli compartilham um mesmo aprendizado: a import\u00e2ncia de se colocar como prioridade. Kelli entendeu isso durante uma cirurgia, ao perceber que, mesmo gr\u00e1vida, o cuidado naquele momento devia ser com ela. J\u00e1 Sandra, acostumada a cuidar dos outros, reconheceu que precisava voltar o olhar para si. \u201cPara cuidar do outro, voc\u00ea precisa cuidar de voc\u00ea.\u201d<\/p>\n<p data-component-name=\"paragraph\" class=\"styles__ParagraphStyled-sc-6adecn-0 gsLklW  \">*Bianca Marcondes \u00e9 finalista do Pr\u00eamio A.C.Camargo Jovem Jornalista.<\/p>\n","protected":false},"excerpt":{"rendered":"Foi durante uma campanha do Outubro Rosa que Sandra Mendon\u00e7a decidiu fazer o exame. Realizada em um caminh\u00e3o&hellip;\n","protected":false},"author":2,"featured_media":141081,"comment_status":"","ping_status":"","sticky":false,"template":"","format":"standard","meta":{"footnotes":""},"categories":[86],"tags":[26655,17826,31262,31263,10333,1772,11810,7481,31264,7482,1780,31265,31266,7760,1783,1785,31267,31268,31269,2519,116,7487,10336,31270,16674,7367,7493,1794,1795,31271,733,31272,31273,31274,31275,31276,32,23505,7499,5509,7500,33,7501,117,31277,21107,31278,7377,31279,11468,1808,3753,200,31280],"class_list":{"0":"post-141080","1":"post","2":"type-post","3":"status-publish","4":"format-standard","5":"has-post-thumbnail","7":"category-saude","8":"tag-african-american","9":"tag-aid","10":"tag-altruism","11":"tag-assist","12":"tag-assistance","13":"tag-background","14":"tag-breast","15":"tag-campaign","16":"tag-charity","17":"tag-concept","18":"tag-conceptual","19":"tag-consciousness","20":"tag-consoling","21":"tag-copy-space","22":"tag-diagnosis","23":"tag-disease","24":"tag-emblem","25":"tag-february","26":"tag-fight","27":"tag-global","28":"tag-health","29":"tag-health-care","30":"tag-help","31":"tag-helping","32":"tag-hispanic","33":"tag-illness","34":"tag-international","35":"tag-medical","36":"tag-medicine","37":"tag-mixed-race","38":"tag-national","39":"tag-nursing","40":"tag-october","41":"tag-oncology","42":"tag-organization","43":"tag-pink","44":"tag-portugal","45":"tag-positive","46":"tag-prevention","47":"tag-problem","48":"tag-protection","49":"tag-pt","50":"tag-ribbon","51":"tag-saude","52":"tag-screening","53":"tag-solidarity","54":"tag-solidary","55":"tag-support","56":"tag-survivor","57":"tag-symbol","58":"tag-treatment","59":"tag-tumor","60":"tag-woman","61":"tag-world-cancer-awareness-day"},"share_on_mastodon":{"url":"","error":"Validation failed: Text character limit of 500 exceeded"},"_links":{"self":[{"href":"https:\/\/www.europesays.com\/pt\/wp-json\/wp\/v2\/posts\/141080","targetHints":{"allow":["GET"]}}],"collection":[{"href":"https:\/\/www.europesays.com\/pt\/wp-json\/wp\/v2\/posts"}],"about":[{"href":"https:\/\/www.europesays.com\/pt\/wp-json\/wp\/v2\/types\/post"}],"author":[{"embeddable":true,"href":"https:\/\/www.europesays.com\/pt\/wp-json\/wp\/v2\/users\/2"}],"replies":[{"embeddable":true,"href":"https:\/\/www.europesays.com\/pt\/wp-json\/wp\/v2\/comments?post=141080"}],"version-history":[{"count":0,"href":"https:\/\/www.europesays.com\/pt\/wp-json\/wp\/v2\/posts\/141080\/revisions"}],"wp:featuredmedia":[{"embeddable":true,"href":"https:\/\/www.europesays.com\/pt\/wp-json\/wp\/v2\/media\/141081"}],"wp:attachment":[{"href":"https:\/\/www.europesays.com\/pt\/wp-json\/wp\/v2\/media?parent=141080"}],"wp:term":[{"taxonomy":"category","embeddable":true,"href":"https:\/\/www.europesays.com\/pt\/wp-json\/wp\/v2\/categories?post=141080"},{"taxonomy":"post_tag","embeddable":true,"href":"https:\/\/www.europesays.com\/pt\/wp-json\/wp\/v2\/tags?post=141080"}],"curies":[{"name":"wp","href":"https:\/\/api.w.org\/{rel}","templated":true}]}}