{"id":141084,"date":"2025-11-05T22:28:12","date_gmt":"2025-11-05T22:28:12","guid":{"rendered":"https:\/\/www.europesays.com\/pt\/141084\/"},"modified":"2025-11-05T22:28:12","modified_gmt":"2025-11-05T22:28:12","slug":"maria-luis-avanca-com-pacote-para-reforcar-a-cobertura-complementar-de-pensoes-na-ue","status":"publish","type":"post","link":"https:\/\/www.europesays.com\/pt\/141084\/","title":{"rendered":"Maria Lu\u00eds avan\u00e7a com pacote para refor\u00e7ar a cobertura complementar de pens\u00f5es na UE"},"content":{"rendered":"<p>        Maria Lu\u00eds anunciou ainda que \u201cem dezembro, apresentaremos o nosso pacote de integra\u00e7\u00e3o e supervis\u00e3o dos mercados \u2014 um passo crucial para que os mercados europeus funcionem melhor em conjunto\u201d.    <\/p>\n<p>O an\u00fancio foi feito esta quarta-feira, 5 de novembro, em Estrasburgo. Maria Lu\u00eds Albuquerque revelou que nos pr\u00f3ximos dias a Comiss\u00e3o Europeia apresentar\u00e1 um pacote para refor\u00e7ar a cobertura complementar de pens\u00f5es em toda a UE. \u201cProporemos sistemas de monitoriza\u00e7\u00e3o, pain\u00e9is de controlo e inscri\u00e7\u00e3o autom\u00e1tica, juntamente com revis\u00f5es do IORP II e do PEPP. O objetivo \u00e9 claro: um rendimento de reforma mais robusto e diversificado para os cidad\u00e3os europeus\u201d.<\/p>\n<p>\u201cA Uni\u00e3o da Poupan\u00e7a e dos Investimentos (SIU) \u00e9 fundamental para a estrat\u00e9gia de competitividade da Europa. Permitir\u00e1 desbloquear o capital privado, aprofundar\u00e1 nossos mercados e canalizar\u00e1 a poupan\u00e7a para crescimento e resili\u00eancia\u201d, defendeu hoje a Comiss\u00e1ria Europeia da Estabilidade Financeira, Servi\u00e7os Financeiros e Mercado de Capitais da Uni\u00e3o Europeia nas notas introdut\u00f3rias do primeiro \u201cdi\u00e1logo estruturado\u201d com o ECON Committe no Parlamento Europeu.<\/p>\n<p>\u201cPoucos meses depois de anunciar a estrat\u00e9gia, apresent\u00e1mos a nossa primeira grande iniciativa \u2014 o pacote de titulariza\u00e7\u00e3o \u2014 para tornar este instrumento mais simples, mais eficiente e mais favor\u00e1vel \u00e0 economia real\u201d, disse Maria Lu\u00eds que acrescentou que \u201cespero uma posi\u00e7\u00e3o do Conselho at\u00e9 ao final do ano e espero contar com a r\u00e1pida ado\u00e7\u00e3o da posi\u00e7\u00e3o do Parlamento para que possamos iniciar as trilogias no in\u00edcio de 2026\u2033.<\/p>\n<p>\u201cPartindo desse\u00a0impulso, agora estamos a olhar para a\u00a0arquitetura de mercado\u201d, disse a Comiss\u00e1ria.<\/p>\n<p>\u201cA SIU coloca os cidad\u00e3os no centro: os europeus merecem tanto o conhecimento como o acesso para garantir o seu futuro financeiro. Foi por isso que, em Setembro, adopt\u00e1mos as recomenda\u00e7\u00f5es sobre as Contas de Poupan\u00e7a e Investimento e a Estrat\u00e9gia de Literacia Financeira da UE. Os Estados\u2013Membros precisam agora de dar seguimento e acompanharemos de perto a implementa\u00e7\u00e3o\u201d, apelou a Comiss\u00e1ria.<\/p>\n<p>Maria Lu\u00eds anunciou ainda que \u201cem dezembro, apresentaremos o nosso pacote de integra\u00e7\u00e3o e supervis\u00e3o dos mercados \u2014 um passo crucial para que os mercados europeus funcionem melhor em conjunto\u201d.<\/p>\n<p>\u201cReduziremos os custos para os neg\u00f3cios transfronteiri\u00e7os, melhorando o passaporte financeiro e transferindo as regras essenciais das diretivas para as regulamenta\u00e7\u00f5es; atualizaremos o regime piloto de DLT (Distributed Ledger Technology) para fomentar a inova\u00e7\u00e3o; e tornaremos a supervis\u00e3o dos grupos financeiros transfronteiri\u00e7os mais eficiente, incluindo a possibilidade de confiar \u00e0 ESMA (Autoridade Europeia dos Mercados de Capitais e dos Estados) a supervis\u00e3o direta das maiores entidades\u201d, detalhou a Comiss\u00e1ria.<\/p>\n<p>Maria Lu\u00eds manifestou otimismo na concretiza\u00e7\u00e3o dos projetos, por causa do \u201cexcelente progresso nas nossas negocia\u00e7\u00f5es sobre a Estrat\u00e9gia de Investimento no Retalho [Retail Investment Strategy]. Estou confiante que, em conjunto com o Conselho Europeu, conseguiremos concluir este processo at\u00e9 ao final do ano\u201d.<\/p>\n<p>\u201cOlhando para o futuro, iremos concentrar-nos em medidas que fortale\u00e7am o ecossistema de capital de risco e de crescimento da Europa\u201d prometeu a Comiss\u00e1ria que disse ainda que a UE precisa de mais investidores de private equity de grande escala capazes de apoiar empresas inovadoras. \u201cEsta ser\u00e1 uma prioridade fundamental para 2026. O vosso apoio e envolvimento ativos ser\u00e3o essenciais para avan\u00e7armos\u201d, sublinhou.<\/p>\n<p>\u201cNo setor banc\u00e1rio, analisaremos como melhorar a competitividade e garantir que os nossos bancos contribuem plenamente para o financiamento da economia europeia\u201d, acrescentou.<\/p>\n<p>Maria Lu\u00eds lembrou que a revis\u00e3o da CMDI \u2013 Crisis Management and Deposit Insurance (Gest\u00e3o de Crises e do Sistema Europeu de Seguro de Dep\u00f3sitos) ser\u00e1 em breve adoptada, ap\u00f3s o acordo pol\u00edtico de Junho. \u201cIsto abre caminho para avan\u00e7armos na Uni\u00e3o Banc\u00e1ria, incluindo no Sistema Europeu de Seguro de Dep\u00f3sitos\u201d, disse.<\/p>\n<p>\u201cA competitividade exige que reduzamos a complexidade sem diminuir os padr\u00f5es\u201d, disse ainda aos deputados do Parlamento Europeu.<\/p>\n<p>\u201cNo final deste m\u00eas, iremos tamb\u00e9m rever o SFDR para melhorar a coer\u00eancia e introduzir uma classifica\u00e7\u00e3o dos produtos ESG mais clara e simples. O nosso Relat\u00f3rio de Simplifica\u00e7\u00e3o, Implementa\u00e7\u00e3o e Fiscaliza\u00e7\u00e3o de 2025 detalha estas a\u00e7\u00f5es \u2014 e refor\u00e7a que a simplifica\u00e7\u00e3o deve andar de m\u00e3os dadas com a implementa\u00e7\u00e3o adequada\u201d, adiantou.<\/p>\n<p>\u201cO estabelecimento da AMLA est\u00e1 no bom caminho e, at\u00e9 ao final do ano, divulgaremos a nossa lista atualizada de pa\u00edses terceiros de alto risco\u201d, disse Maria Lu\u00eds.\u00a0A AMLA \u00e9 uma ag\u00eancia descentralizada da UE que coordenar\u00e1 as autoridades nacionais para garantir a aplica\u00e7\u00e3o correta e consistente das regras da UE.<\/p>\n<p>A Comiss\u00e1ria falou ainda das finan\u00e7as digitais. \u201cVejo aqui enormes oportunidades para tornar o nosso sistema financeiro mais eficiente, competitivo e inclusivo. Estou ansiosa por concluir as negocia\u00e7\u00f5es sobre a FIDA o mais rapidamente poss\u00edvel\u201d, disse.<\/p>\n<p>\u201cAs stablecoins, e em particular a emiss\u00e3o m\u00faltipla, t\u00eam atra\u00eddo uma aten\u00e7\u00e3o consider\u00e1vel e est\u00e3o no topo da agenda desta comiss\u00e3o. O nosso quadro MiCA, em vigor desde o final de 2024, proporciona um regime s\u00f3lido que permite a inova\u00e7\u00e3o e aborda os riscos potenciais. Aguardo com expectativa o nosso debate dedicado a este tema no final deste m\u00eas\u201d, sublinhou a Comiss\u00e1ria.<\/p>\n<p>\u201cPor \u00faltimo, no que diz respeito aos pagamentos, as nossas negocia\u00e7\u00f5es sobre a PSD3\/PSR est\u00e3o a progredir bem e estou determinado a ajudar a chegar rapidamente a um bom acordo\u201d, concluiu.<\/p>\n","protected":false},"excerpt":{"rendered":"Maria Lu\u00eds anunciou ainda que \u201cem dezembro, apresentaremos o nosso pacote de integra\u00e7\u00e3o e supervis\u00e3o dos mercados \u2014&hellip;\n","protected":false},"author":2,"featured_media":92820,"comment_status":"","ping_status":"","sticky":false,"template":"","format":"standard","meta":{"footnotes":""},"categories":[83],"tags":[88,89,90,23153,32,33],"class_list":{"0":"post-141084","1":"post","2":"type-post","3":"status-publish","4":"format-standard","5":"has-post-thumbnail","7":"category-empresas","8":"tag-business","9":"tag-economy","10":"tag-empresas","11":"tag-maria-luis-albuquerque","12":"tag-portugal","13":"tag-pt"},"share_on_mastodon":{"url":"https:\/\/pubeurope.com\/@pt\/115499453992906337","error":""},"_links":{"self":[{"href":"https:\/\/www.europesays.com\/pt\/wp-json\/wp\/v2\/posts\/141084","targetHints":{"allow":["GET"]}}],"collection":[{"href":"https:\/\/www.europesays.com\/pt\/wp-json\/wp\/v2\/posts"}],"about":[{"href":"https:\/\/www.europesays.com\/pt\/wp-json\/wp\/v2\/types\/post"}],"author":[{"embeddable":true,"href":"https:\/\/www.europesays.com\/pt\/wp-json\/wp\/v2\/users\/2"}],"replies":[{"embeddable":true,"href":"https:\/\/www.europesays.com\/pt\/wp-json\/wp\/v2\/comments?post=141084"}],"version-history":[{"count":0,"href":"https:\/\/www.europesays.com\/pt\/wp-json\/wp\/v2\/posts\/141084\/revisions"}],"wp:featuredmedia":[{"embeddable":true,"href":"https:\/\/www.europesays.com\/pt\/wp-json\/wp\/v2\/media\/92820"}],"wp:attachment":[{"href":"https:\/\/www.europesays.com\/pt\/wp-json\/wp\/v2\/media?parent=141084"}],"wp:term":[{"taxonomy":"category","embeddable":true,"href":"https:\/\/www.europesays.com\/pt\/wp-json\/wp\/v2\/categories?post=141084"},{"taxonomy":"post_tag","embeddable":true,"href":"https:\/\/www.europesays.com\/pt\/wp-json\/wp\/v2\/tags?post=141084"}],"curies":[{"name":"wp","href":"https:\/\/api.w.org\/{rel}","templated":true}]}}