{"id":141087,"date":"2025-11-05T22:31:38","date_gmt":"2025-11-05T22:31:38","guid":{"rendered":"https:\/\/www.europesays.com\/pt\/141087\/"},"modified":"2025-11-05T22:31:38","modified_gmt":"2025-11-05T22:31:38","slug":"homem-mata-vizinho-em-alcobaca-e-entrega-se-a-gnr","status":"publish","type":"post","link":"https:\/\/www.europesays.com\/pt\/141087\/","title":{"rendered":"Homem mata vizinho em Alcoba\u00e7a e entrega-se \u00e0 GNR"},"content":{"rendered":"<p>\t                Pol\u00edcia Judici\u00e1ria encontra-se no local a proceder \u00e0 investiga\u00e7\u00e3o e recolha de ind\u00edcios<\/p>\n<p>Um homem de 46 anos matou, esta quarta-feira de manh\u00e3, um vizinho junto ao IC2, na localidade de Moleanos, concelho de Alcoba\u00e7a.\u00a0O crime ocorreu por volta das 11:00.\u00a0<\/p>\n<p>A TVI e CNN Portugal sabem que, ap\u00f3s \u00a0o homic\u00eddio, o suspeito deslocou-se voluntariamente ao posto da GNR de Alcoba\u00e7a, onde se entregou \u00e0s autoridades.<\/p>\n<p>As motiva\u00e7\u00f5es do crime permanecem desconhecidas. A Pol\u00edcia Judici\u00e1ria encontra-se no local a proceder \u00e0 investiga\u00e7\u00e3o e recolha de ind\u00edcios.<\/p>\n<p>O caso est\u00e1 agora sob a al\u00e7ada da PJ, que procura esclarecer as circunst\u00e2ncias do homic\u00eddio e o que poder\u00e1 ter levado o suspeito a cometer o crime.<\/p>\n","protected":false},"excerpt":{"rendered":"Pol\u00edcia Judici\u00e1ria encontra-se no local a proceder \u00e0 investiga\u00e7\u00e3o e recolha de ind\u00edcios Um homem de 46 anos&hellip;\n","protected":false},"author":2,"featured_media":141088,"comment_status":"","ping_status":"","sticky":false,"template":"","format":"standard","meta":{"footnotes":""},"categories":[8],"tags":[21580,609,836,611,27,28,607,608,333,832,604,135,610,476,15,16,301,830,14,5564,603,25,26,570,21,22,831,833,31281,62,834,12,13,19,20,835,602,52,32,23,24,33,17,18,29,30,31],"class_list":{"0":"post-141087","1":"post","2":"type-post","3":"status-publish","4":"format-standard","5":"has-post-thumbnail","7":"category-principais-noticias","8":"tag-alcobaca","9":"tag-alerta","10":"tag-analise","11":"tag-ao-minuto","12":"tag-breaking-news","13":"tag-breakingnews","14":"tag-cnn","15":"tag-cnn-portugal","16":"tag-comentadores","17":"tag-costa","18":"tag-crime","19":"tag-desporto","20":"tag-direto","21":"tag-economia","22":"tag-featured-news","23":"tag-featurednews","24":"tag-governo","25":"tag-guerra","26":"tag-headlines","27":"tag-homicidio","28":"tag-justica","29":"tag-latest-news","30":"tag-latestnews","31":"tag-live","32":"tag-main-news","33":"tag-mainnews","34":"tag-mais-vistas","35":"tag-marcelo","36":"tag-moleanos","37":"tag-mundo","38":"tag-negocios","39":"tag-news","40":"tag-noticias","41":"tag-noticias-principais","42":"tag-noticiasprincipais","43":"tag-opiniao","44":"tag-pais","45":"tag-politica","46":"tag-portugal","47":"tag-principais-noticias","48":"tag-principaisnoticias","49":"tag-pt","50":"tag-top-stories","51":"tag-topstories","52":"tag-ultimas","53":"tag-ultimas-noticias","54":"tag-ultimasnoticias"},"share_on_mastodon":{"url":"","error":"Validation failed: Text character limit of 500 exceeded"},"_links":{"self":[{"href":"https:\/\/www.europesays.com\/pt\/wp-json\/wp\/v2\/posts\/141087","targetHints":{"allow":["GET"]}}],"collection":[{"href":"https:\/\/www.europesays.com\/pt\/wp-json\/wp\/v2\/posts"}],"about":[{"href":"https:\/\/www.europesays.com\/pt\/wp-json\/wp\/v2\/types\/post"}],"author":[{"embeddable":true,"href":"https:\/\/www.europesays.com\/pt\/wp-json\/wp\/v2\/users\/2"}],"replies":[{"embeddable":true,"href":"https:\/\/www.europesays.com\/pt\/wp-json\/wp\/v2\/comments?post=141087"}],"version-history":[{"count":0,"href":"https:\/\/www.europesays.com\/pt\/wp-json\/wp\/v2\/posts\/141087\/revisions"}],"wp:featuredmedia":[{"embeddable":true,"href":"https:\/\/www.europesays.com\/pt\/wp-json\/wp\/v2\/media\/141088"}],"wp:attachment":[{"href":"https:\/\/www.europesays.com\/pt\/wp-json\/wp\/v2\/media?parent=141087"}],"wp:term":[{"taxonomy":"category","embeddable":true,"href":"https:\/\/www.europesays.com\/pt\/wp-json\/wp\/v2\/categories?post=141087"},{"taxonomy":"post_tag","embeddable":true,"href":"https:\/\/www.europesays.com\/pt\/wp-json\/wp\/v2\/tags?post=141087"}],"curies":[{"name":"wp","href":"https:\/\/api.w.org\/{rel}","templated":true}]}}