{"id":141093,"date":"2025-11-05T22:39:08","date_gmt":"2025-11-05T22:39:08","guid":{"rendered":"https:\/\/www.europesays.com\/pt\/141093\/"},"modified":"2025-11-05T22:39:08","modified_gmt":"2025-11-05T22:39:08","slug":"pesquisa-investiga-como-exercicios-podem-reduzir-risco-cardiaco-no-tratamento-contra-cancer-de-mama","status":"publish","type":"post","link":"https:\/\/www.europesays.com\/pt\/141093\/","title":{"rendered":"Pesquisa investiga como exerc\u00edcios podem reduzir risco card\u00edaco no tratamento contra c\u00e2ncer de mama"},"content":{"rendered":"<p data-component-name=\"paragraph\" class=\"styles__ParagraphStyled-sc-6adecn-0 gsLklW  \">A fisioterapeuta Ariane Ramirez, mestranda em Ci\u00eancias do Movimento pela Unesp de Bauru, conduz uma pesquisa sobre a inclus\u00e3o de atividades f\u00edsicas no tratamento oncol\u00f3gico. O estudo avalia como o exerc\u00edcio pode reduzir os efeitos cardiovasculares adversos das medica\u00e7\u00f5es usadas contra o c\u00e2ncer de mama, como insufici\u00eancia card\u00edaca, hipertens\u00e3o arterial e arritmias.<\/p>\n<p>Realizada no Laborat\u00f3rio de Pesquisa em Exerc\u00edcio F\u00edsico e Doen\u00e7as Cr\u00f4nicas (Ledoc), a pesquisa representa os primeiros passos para a cria\u00e7\u00e3o de uma abordagem interdisciplinar entre fisioterapia e medicina na cidade.<\/p>\n<p>De acordo com Ariane, o foco do trabalho \u00e9 o combate \u00e0 cardiotoxicidade, o dano causado ao cora\u00e7\u00e3o pelo efeito acumulativo das drogas oncol\u00f3gicas. \u201cO objetivo \u00e9 retardar o mais rapidamente poss\u00edvel os efeitos colaterais e fazer com que se tornem minimamente invasivos e ativos nas pacientes por meio do exerc\u00edcio f\u00edsico\u201d, explica.<\/p>\n<p><img  loading=\"lazy\" class=\"lazy-load-img\"\/><\/p>\n<p>Com a pesquisa, ser\u00e1 poss\u00edvel sugerir protocolos espec\u00edficos de exerc\u00edcios<br \/>\nque auxiliem na melhora da fun\u00e7\u00e3o card\u00edaca do paciente<\/p>\n<p>\u00a0Foto:  Nadzeya \/Adobe Stock<\/p>\n<p data-component-name=\"paragraph\" class=\"styles__ParagraphStyled-sc-6adecn-0 gsLklW  \">Por meio do resultado do exame de Velocidade da Onda de Pulso (VOP), o estudo busca entender como o tratamento do c\u00e2ncer est\u00e1 afetando o cora\u00e7\u00e3o, com o objetivo de prever o risco de comprometimento da sa\u00fade cardiovascular. <\/p>\n<p data-component-name=\"paragraph\" class=\"styles__ParagraphStyled-sc-6adecn-0 gsLklW  \">Para isso, parte da an\u00e1lise de informa\u00e7\u00f5es relacionadas \u00e0 sa\u00fade das volunt\u00e1rias, por meio de avalia\u00e7\u00e3o f\u00edsica e cardiovascular. S\u00e3o observados fatores como rigidez arterial, variabilidade da frequ\u00eancia card\u00edaca e for\u00e7a muscular global.<\/p>\n<p data-component-name=\"paragraph\" class=\"styles__ParagraphStyled-sc-6adecn-0 gsLklW  \">Com a an\u00e1lise conclu\u00edda, ser\u00e1 poss\u00edvel sugerir protocolos espec\u00edficos de exerc\u00edcios que auxiliar\u00e3o na melhora da fun\u00e7\u00e3o card\u00edaca do paciente, prevenindo a cardiotoxicidade. At\u00e9 o momento, 40 mulheres foram avaliadas, e a pesquisa est\u00e1 em fase de an\u00e1lise.<\/p>\n<p>Aplica\u00e7\u00e3o da atividade f\u00edsica<\/p>\n<p data-component-name=\"paragraph\" class=\"styles__ParagraphStyled-sc-6adecn-0 gsLklW  \">Entre as modalidades de atividades f\u00edsicas recomendadas, o estudo de Ariane se baseia na pr\u00e1tica de exerc\u00edcios aer\u00f3bicos HIIT (sigla de Treino Intervalado de Alta Intensidade), estudada pelo Ledoc, para melhorar a capacidade cardiovascular das pacientes.<\/p>\n<p data-component-name=\"paragraph\" class=\"styles__ParagraphStyled-sc-6adecn-0 gsLklW  \">O treinamento \u00e9 composto por movimentos alternados de alta, m\u00e9dia e baixa intensidade, incluindo pausas em um per\u00edodo definido que varia com base na capacidade da pessoa. Dessa forma, se define um circuito de exerc\u00edcios que se inicia com o aquecimento, migra para uma fase de intensidade elevada e finaliza no desaquecimento.<\/p>\n<p data-component-name=\"paragraph\" class=\"styles__ParagraphStyled-sc-6adecn-0 gsLklW  \">A pesquisadora entende que, para ocorrer a formula\u00e7\u00e3o de abordagens espec\u00edficas alinhadas \u00e0s necessidades e \u00e0s possibilidades de cada paciente, \u00e9 necess\u00e1rio existir uma atua\u00e7\u00e3o multidisciplinar entre a equipe m\u00e9dica respons\u00e1vel pelo tratamento, fisioterapeutas oncol\u00f3gicos e educadores f\u00edsicos.<\/p>\n<p data-component-name=\"paragraph\" class=\"styles__ParagraphStyled-sc-6adecn-0 gsLklW  \">\u201cOs m\u00e9dicos sabem da import\u00e2ncia dos exerc\u00edcios f\u00edsicos, mas n\u00e3o conseguem indicar adequadamente qual se encaixa ao enfermo, por n\u00e3o fazerem avalia\u00e7\u00f5es e prescri\u00e7\u00f5es de atividades\u201d, afirma Ariane. \u201cQuando se trata de funcionalidade, for\u00e7a muscular e elabora\u00e7\u00e3o de treinamentos para grupos especiais, fisioterapeutas oncol\u00f3gicos e profissionais da educa\u00e7\u00e3o f\u00edsica s\u00e3o capacitados.\u201d<\/p>\n<p>Panorama do c\u00e2ncer de mama<\/p>\n<p data-component-name=\"paragraph\" class=\"styles__ParagraphStyled-sc-6adecn-0 gsLklW  \">De acordo com o levantamento Controle de C\u00e2ncer de Mama no Brasil, publicado pelo Instituto Nacional de C\u00e2ncer (Inca) em outubro deste ano, o c\u00e2ncer de mama \u00e9 o segundo tipo mais frequente entre as mulheres brasileiras e a principal causa de mortalidade feminina pela doen\u00e7a.<\/p>\n<p data-component-name=\"paragraph\" class=\"styles__ParagraphStyled-sc-6adecn-0 gsLklW  \">O estudo se refere ao per\u00edodo de 2023 a 2025, quando foi registrada uma m\u00e9dia de 73.610 casos por ano, o que equivale a 41,89 casos a cada 100 mil mulheres. <\/p>\n<p data-component-name=\"paragraph\" class=\"styles__ParagraphStyled-sc-6adecn-0 gsLklW  \">O documento ressalta que reduzir a exposi\u00e7\u00e3o a fatores de risco \u2013 como excesso de gordura corporal, consumo de bebidas alco\u00f3licas e sedentarismo \u2013 \u00e9 essencial para a preven\u00e7\u00e3o. E a atividade f\u00edsica regular tamb\u00e9m contribui nesse processo, por regular os n\u00edveis hormonais e da insulina e fortalecer o sistema imunol\u00f3gico.<\/p>\n<p data-component-name=\"paragraph\" class=\"styles__ParagraphStyled-sc-6adecn-0 gsLklW  \">Em escala global, a Ag\u00eancia Internacional para Pesquisa sobre C\u00e2ncer (IARC), da Organiza\u00e7\u00e3o Mundial da Sa\u00fade, alertou que, sem foco na preven\u00e7\u00e3o, o mundo poder\u00e1 registrar 3,2 milh\u00f5es de novos casos de c\u00e2ncer de mama por ano at\u00e9 2050.<\/p>\n<p>Exerc\u00edcio durante o tratamento<\/p>\n<p data-component-name=\"paragraph\" class=\"styles__ParagraphStyled-sc-6adecn-0 gsLklW  \">Difundida entre a Sociedade Brasileira de Oncologia Cl\u00ednica (SBOC), a recomenda\u00e7\u00e3o de atividade f\u00edsica durante e ap\u00f3s o tratamento oncol\u00f3gico n\u00e3o \u00e9 uma novidade entre os profissionais da \u00e1rea.<\/p>\n<p data-component-name=\"paragraph\" class=\"styles__ParagraphStyled-sc-6adecn-0 gsLklW  \">A coordenadora da equipe de Oncologia Cl\u00ednica da Faculdade de Medicina da Unesp, Ana Lucia Coradazzi, comenta que a pr\u00e1tica de atividades f\u00edsicas \u00e9 ben\u00e9fica em todas as fases da viv\u00eancia oncol\u00f3gica, seja antes do in\u00edcio do tratamento, durante o tratamento ou ap\u00f3s o seu t\u00e9rmino.<\/p>\n<p>\u201cJ\u00e1 h\u00e1 evid\u00eancias cient\u00edficas mais do que suficientes que sustentam esses benef\u00edcios, que englobam ganhos f\u00edsicos, imunol\u00f3gicos, emocionais e at\u00e9 sociais\u201d, relata a oncologista.<\/p>\n<p>Ana Lucia explica que pacientes oncol\u00f3gicos que se exercitam regularmente t\u00eam um melhor controle dos sintomas relacionados ao c\u00e2ncer e ao tratamento, como fadiga, n\u00e1useas e constipa\u00e7\u00e3o intestinal. Al\u00e9m disso, eles preservam a massa muscular e melhoram a capacidade cardiovascular, frequentemente afetada pelo tratamento.<\/p>\n<p>Ainda em 2023, a SBOC publicou um guia de atividades f\u00edsicas, com recomenda\u00e7\u00f5es para os oncologistas, baseado em evid\u00eancias cient\u00edficas que apontaram ganhos \u00e0 sa\u00fade para pacientes em luta contra o c\u00e2ncer.<\/p>\n<p data-component-name=\"paragraph\" class=\"styles__ParagraphStyled-sc-6adecn-0 gsLklW  \">Em janeiro deste ano, o Inca tamb\u00e9m pontuou que a atividade f\u00edsica durante o tratamento oncol\u00f3gico \u00e9 segura e pode trazer benef\u00edcios. No entanto, \u00e9 necess\u00e1rio considerar as particularidades de cada caso para adaptar a atividade com base em suas possibilidades.<\/p>\n<p>Desafios da multidisciplinaridade<\/p>\n<p data-component-name=\"paragraph\" class=\"styles__ParagraphStyled-sc-6adecn-0 gsLklW  \">Especialista em oncologia, o m\u00e9dico Paulo Eduardo de Souza pontua que, hoje, os trabalhos cient\u00edficos demonstraram de maneira cabal que a atividade f\u00edsica \u00e9 sim uma contribui\u00e7\u00e3o impactante, seja na qualidade de vida, n\u00e3o somente, como principalmente na redu\u00e7\u00e3o da mortalidade, aumentando a sobrevida. \u201cAntes, o que se recomendava era que o paciente deveria permanecer em repouso numa condi\u00e7\u00e3o sem muita exig\u00eancia f\u00edsica.\u201d <\/p>\n<p data-component-name=\"paragraph\" class=\"styles__ParagraphStyled-sc-6adecn-0 gsLklW  \">Embora nesses casos seja necess\u00e1ria a atua\u00e7\u00e3o conjunta das \u00e1reas, o oncologista relata que a integra\u00e7\u00e3o \u00e9 um desafio cultural e institucional. \u201cA multidisciplinaridade \u00e9 um desafio institucional e cultural tanto para aquele que aplica a assist\u00eancia quanto para aquele que a recebe\u201d, diz Souza. \u201cMais que a multidisciplinaridade, o grande desafio \u00e9 a transdisciplinaridade, que \u00e9 o compartilhar de conhecimento e estabelecer pr\u00e1ticas complementares.\u201d<\/p>\n<p data-component-name=\"paragraph\" class=\"styles__ParagraphStyled-sc-6adecn-0 gsLklW  \">Institu\u00eddo pela Lei No 14.238, de 2021, o cap\u00edtulo VI do Estatuto da Pessoa com C\u00e2ncer define que o atendimento integral \u00e0 sa\u00fade da pessoa com c\u00e2ncer por interm\u00e9dio do SUS \u00e9 obrigat\u00f3rio e que ele deve garantir um atendimento multidisciplinar. No entanto, segundo Souza, poucos servi\u00e7os que praticam tal processo.<\/p>\n<p data-component-name=\"paragraph\" class=\"styles__ParagraphStyled-sc-6adecn-0 gsLklW  \">*Daniel Souza \u00e9 finalista do Pr\u00eamio A.C.Camargo Jovem Jornalista.<\/p>\n","protected":false},"excerpt":{"rendered":"A fisioterapeuta Ariane Ramirez, mestranda em Ci\u00eancias do Movimento pela Unesp de Bauru, conduz uma pesquisa sobre a&hellip;\n","protected":false},"author":2,"featured_media":141094,"comment_status":"","ping_status":"","sticky":false,"template":"","format":"standard","meta":{"footnotes":""},"categories":[86],"tags":[16907,11807,7477,11810,1776,5486,1779,26691,31282,31283,1783,1785,1786,26096,26664,31284,1098,31285,31286,116,7364,31287,31288,31289,31290,31291,31292,1794,1795,16678,31274,31293,1798,31294,32,31295,7499,31296,12096,31297,33,31298,18552,117,31299,7377,4206,11826,1807,4051,1808,1378],"class_list":{"0":"post-141093","1":"post","2":"type-post","3":"status-publish","4":"format-standard","5":"has-post-thumbnail","7":"category-saude","8":"tag-anatomical","9":"tag-anatomy","10":"tag-awareness","11":"tag-breast","12":"tag-cancer","13":"tag-care","14":"tag-clinic","15":"tag-communication","16":"tag-consultation","17":"tag-cysts","18":"tag-diagnosis","19":"tag-disease","20":"tag-doctor","21":"tag-education","22":"tag-educational","23":"tag-explanation","24":"tag-female","25":"tag-fibrosis","26":"tag-gland","27":"tag-health","28":"tag-healthcare","29":"tag-informative","30":"tag-interaction","31":"tag-mammalogical","32":"tag-mammary","33":"tag-mammography","34":"tag-mastitis","35":"tag-medical","36":"tag-medicine","37":"tag-model","38":"tag-oncology","39":"tag-options","40":"tag-patient","41":"tag-physician","42":"tag-portugal","43":"tag-practice","44":"tag-prevention","45":"tag-preventive","46":"tag-professional","47":"tag-provider","48":"tag-pt","49":"tag-resources","50":"tag-room","51":"tag-saude","52":"tag-setting","53":"tag-support","54":"tag-surgery","55":"tag-surgical","56":"tag-test","57":"tag-training","58":"tag-treatment","59":"tag-women"},"share_on_mastodon":{"url":"","error":"Validation failed: Text character limit of 500 exceeded"},"_links":{"self":[{"href":"https:\/\/www.europesays.com\/pt\/wp-json\/wp\/v2\/posts\/141093","targetHints":{"allow":["GET"]}}],"collection":[{"href":"https:\/\/www.europesays.com\/pt\/wp-json\/wp\/v2\/posts"}],"about":[{"href":"https:\/\/www.europesays.com\/pt\/wp-json\/wp\/v2\/types\/post"}],"author":[{"embeddable":true,"href":"https:\/\/www.europesays.com\/pt\/wp-json\/wp\/v2\/users\/2"}],"replies":[{"embeddable":true,"href":"https:\/\/www.europesays.com\/pt\/wp-json\/wp\/v2\/comments?post=141093"}],"version-history":[{"count":0,"href":"https:\/\/www.europesays.com\/pt\/wp-json\/wp\/v2\/posts\/141093\/revisions"}],"wp:featuredmedia":[{"embeddable":true,"href":"https:\/\/www.europesays.com\/pt\/wp-json\/wp\/v2\/media\/141094"}],"wp:attachment":[{"href":"https:\/\/www.europesays.com\/pt\/wp-json\/wp\/v2\/media?parent=141093"}],"wp:term":[{"taxonomy":"category","embeddable":true,"href":"https:\/\/www.europesays.com\/pt\/wp-json\/wp\/v2\/categories?post=141093"},{"taxonomy":"post_tag","embeddable":true,"href":"https:\/\/www.europesays.com\/pt\/wp-json\/wp\/v2\/tags?post=141093"}],"curies":[{"name":"wp","href":"https:\/\/api.w.org\/{rel}","templated":true}]}}