{"id":141099,"date":"2025-11-05T22:54:09","date_gmt":"2025-11-05T22:54:09","guid":{"rendered":"https:\/\/www.europesays.com\/pt\/141099\/"},"modified":"2025-11-05T22:54:09","modified_gmt":"2025-11-05T22:54:09","slug":"catarina-miranda-e-afonso-leitao-dao-novo-passo-na-relacao-o-inicio","status":"publish","type":"post","link":"https:\/\/www.europesays.com\/pt\/141099\/","title":{"rendered":"Catarina Miranda e Afonso Leit\u00e3o d\u00e3o novo passo na rela\u00e7\u00e3o: &#8220;O in\u00edcio&#8221;"},"content":{"rendered":"<p>Catarina Miranda e Afonso Leit\u00e3o v\u00e3o passar a viver juntos. A revela\u00e7\u00e3o foi feita pelo casal, esta quarta-feira, dia 5, menos de dois meses depois de terem deixado o &#8220;<a href=\"https:\/\/tvi.iol.pt\/bigbrother\/\" target=\"_blank\" rel=\"nofollow noopener\">Big Brother<\/a> Ver\u00e3o&#8221; e um ap\u00f3s o pedido de namoro.<\/p>\n<p>Numa publica\u00e7\u00e3o conjunta no Instagram, <a href=\"https:\/\/selfie.iol.pt\/famosos\/big-brother\/a-minha-amizade-com-a-catarina-miranda-chegou-ao-fim-sergio-duarte-faz-revelacao-e-deixa-avisos\/20251026\/68fe481fd34ee0c2fed1afe3\" target=\"_blank\" rel=\"nofollow noopener\">Catarina Miranda<\/a> e Afonso Leit\u00e3o partilharam com os f\u00e3s uma fotografia em que surgem no interior de uma casa, a segurar as chaves da mesma.<\/p>\n<p>&#8220;O in\u00edcio&#8221;, escreveu a finalista do reality show da <a href=\"https:\/\/tvi.iol.pt\/\" target=\"_blank\" rel=\"nofollow noopener\">TVI<\/a>, somando um emoji em forma de cora\u00e7\u00e3o. &#8220;Agora, a minha quest\u00e3o \u00e9: onde vamos colocar o castigo do tubar\u00e3o?&#8221;, perguntou ainda.<\/p>\n<p>Veja, agora, os v\u00eddeos da entrevista em que <a href=\"https:\/\/selfie.iol.pt\/famosos\/casa-dos-segredos\/afonso-leitao-e-catarina-miranda-casaram-se-veja-as-fotos\/20251025\/68fc7813d34ee0c2fed1a83d\" target=\"_blank\" rel=\"nofollow noopener\">Afonso Leit\u00e3o<\/a> pediu Catarina Miranda em namoro, na estreia do programa &#8220;Momento Certo&#8221;.<\/p>\n<p style=\"text-align:center\"><img loading=\"lazy\" decoding=\"async\" alt=\"\" height=\"667\" src=\"https:\/\/www.europesays.com\/pt\/wp-content\/uploads\/2025\/11\/690bb1c4d34e2bd5c6d3ace8.webp\" width=\"500\"\/><\/p>\n<p>\u00a0<\/p>\n","protected":false},"excerpt":{"rendered":"Catarina Miranda e Afonso Leit\u00e3o v\u00e3o passar a viver juntos. A revela\u00e7\u00e3o foi feita pelo casal, esta quarta-feira,&hellip;\n","protected":false},"author":2,"featured_media":141100,"comment_status":"","ping_status":"","sticky":false,"template":"","format":"standard","meta":{"footnotes":""},"categories":[142],"tags":[2031,6308,48,1170,2019,342,114,115,6309,980,9485,1015,12480,619,1017,32,33,1014,5870,1012,151,162],"class_list":{"0":"post-141099","1":"post","2":"type-post","3":"status-publish","4":"format-standard","5":"has-post-thumbnail","7":"category-tv","8":"tag-afonso-leitao","9":"tag-bb","10":"tag-big-brother","11":"tag-big-brother-verao","12":"tag-casa","13":"tag-catarina-miranda","14":"tag-entertainment","15":"tag-entretenimento","16":"tag-ex-concorrente","17":"tag-famosos","18":"tag-finalista","19":"tag-instagram","20":"tag-momento-certo","21":"tag-nacional","22":"tag-namoro","23":"tag-portugal","24":"tag-pt","25":"tag-reality-show","26":"tag-relacao","27":"tag-selfie","28":"tag-tv","29":"tag-tvi"},"share_on_mastodon":{"url":"https:\/\/pubeurope.com\/@pt\/115499556444187684","error":""},"_links":{"self":[{"href":"https:\/\/www.europesays.com\/pt\/wp-json\/wp\/v2\/posts\/141099","targetHints":{"allow":["GET"]}}],"collection":[{"href":"https:\/\/www.europesays.com\/pt\/wp-json\/wp\/v2\/posts"}],"about":[{"href":"https:\/\/www.europesays.com\/pt\/wp-json\/wp\/v2\/types\/post"}],"author":[{"embeddable":true,"href":"https:\/\/www.europesays.com\/pt\/wp-json\/wp\/v2\/users\/2"}],"replies":[{"embeddable":true,"href":"https:\/\/www.europesays.com\/pt\/wp-json\/wp\/v2\/comments?post=141099"}],"version-history":[{"count":0,"href":"https:\/\/www.europesays.com\/pt\/wp-json\/wp\/v2\/posts\/141099\/revisions"}],"wp:featuredmedia":[{"embeddable":true,"href":"https:\/\/www.europesays.com\/pt\/wp-json\/wp\/v2\/media\/141100"}],"wp:attachment":[{"href":"https:\/\/www.europesays.com\/pt\/wp-json\/wp\/v2\/media?parent=141099"}],"wp:term":[{"taxonomy":"category","embeddable":true,"href":"https:\/\/www.europesays.com\/pt\/wp-json\/wp\/v2\/categories?post=141099"},{"taxonomy":"post_tag","embeddable":true,"href":"https:\/\/www.europesays.com\/pt\/wp-json\/wp\/v2\/tags?post=141099"}],"curies":[{"name":"wp","href":"https:\/\/api.w.org\/{rel}","templated":true}]}}