{"id":141141,"date":"2025-11-05T23:58:10","date_gmt":"2025-11-05T23:58:10","guid":{"rendered":"https:\/\/www.europesays.com\/pt\/141141\/"},"modified":"2025-11-05T23:58:10","modified_gmt":"2025-11-05T23:58:10","slug":"giovanna-ewbank-impressiona-ao-mostrar-novo-visual-de-titi-estava-louca","status":"publish","type":"post","link":"https:\/\/www.europesays.com\/pt\/141141\/","title":{"rendered":"Giovanna Ewbank impressiona ao mostrar novo visual de Titi: &#8216;Estava louca&#8217;"},"content":{"rendered":"<p>A filha mais velha de <strong><a href=\"https:\/\/caras.com.br\/tags\/giovanna-ewbank\" target=\"_blank\" rel=\"noopener nofollow\">Giovanna Ewbank<\/a><\/strong> e <a href=\"https:\/\/caras.com.br\/tags\/bruno-gagliasso\" target=\"_blank\" rel=\"noopener nofollow\"><strong>Bruno Gagliasso<\/strong><\/a>, Titi, de 12 anos, pediu para mudar o visual para o ver\u00e3o. Nesta quarta-feira, 05, a apresentadora mostrou o resultado em sua rede social e contou que a herdeira queria colocar novas madeixas para a pr\u00f3xima esta\u00e7\u00e3o.<\/p>\n<p>Cheia de estilo, a menina pediu um mega hair com fios longos e levemente iluminados. Titi ainda apostou em um efeito com ondas bem naturais, j\u00e1 o comprimento foi o bem longo.<\/p>\n<p>\u201cTiti estava louca para mudar o hair para o ver\u00e3o\u201d, contou a mam\u00e3e ao registrar o momento toda orgulhosa. \u201cMaravilhosa, mandou v\u00e1rias op\u00e7\u00f5es para ela e escolher e ela escolheu o \u2018Boho Braids&#8217;\u201d, disse a esposa do ator sobre a profissional do mega hair ter enviado diversos modelo para a adolescente decidir qual gostou mais.<\/p>\n<p>\u00c9 bom lembrar que, al\u00e9m de Titi, Giovanna Ewbank e Bruno Gagliasso s\u00e3o pais de <strong>Bless<\/strong>, de 10 anos, e <strong>Zyan<\/strong>, de 5. Nos \u00faltimos dias, os famosos fizeram uma r\u00e1pida viagem com a fam\u00edlia para Salvador, na Bahia. Eles encantaram com os <a href=\"https:\/\/caras.com.br\/viagem\/giovanna-ewbank-encanta-ao-mostrar-viagem-em-familia-foi-rapido-lindo-e-intenso.phtml\" rel=\"nofollow noopener\" target=\"_blank\">registros de alguns momentos que tiveram por l\u00e1<\/a>.<\/p>\n<p>\t <img loading=\"lazy\" decoding=\"async\" class=\"size-full wp-image-1027212 img-fluid lazy\" alt=\"Giovanna Ewbank mostra novo visual de Titi\" width=\"1080\" height=\"1880\" src=\"https:\/\/www.europesays.com\/pt\/wp-content\/uploads\/2025\/11\/novo-visual-titi.jpg\"  \/>Giovanna Ewbank mostra novo visual de Titi \u2013 Foto: @gioewbank Giovanna Ewbank esclarece selinho em amigo <\/p>\n<p>Em seu anivers\u00e1rio, Giovanna Ewbank deu o que falar ao receber uma homenagem do amigo <strong>L\u00e9o Fuchs<\/strong>. Na ocasi\u00e3o, ele postou uma foto beijando a apresentadora na boca e o registro deu o que falar. Ap\u00f3s a pol\u00eamica, a <a href=\"https:\/\/caras.com.br\/atualidades\/giovanna-ewbank-esclarece-beijo-na-boca-em-leo-fuchs-dou-selinho-nos-meus-amigos.phtml\" rel=\"nofollow noopener\" target=\"_blank\">famosa se pronunciou e esclareceu que tem esse tipo de carinho com amigos mais pr\u00f3ximos<\/a>.<\/p>\n<p>\u201cEu dou selinho nos meus amigos. Inclusive, no meu programa \u2018Quem Pode, Pod\u2019 e no \u2018Na Cama\u2019, eu sempre dou um selinho nos convidados no final, assim como a Tat\u00e1 Werneck e a Hebe Camargo faziam. \u00c9 algo que a gente tem com os nossos amigos\u201d, falou sobre seu costume.<\/p>\n<p>        <a href=\"https:\/\/caras.com.br\/autor\/nataly-paschoal\" rel=\"nofollow noopener\" target=\"_blank\">&#13;<br \/>\n          <img loading=\"lazy\" decoding=\"async\" alt=\"Nataly Paschoal\" src=\"https:\/\/www.europesays.com\/pt\/wp-content\/uploads\/2025\/09\/nataly-paschoal_sqmd.jpg\" class=\"avatar avatar-115 photo rounded-circle\" height=\"115\" width=\"115\"\/>        <\/a><\/p>\n<p><b>Nataly Paschoal <\/b>\u00e9 rep\u00f3rter de conte\u00fado do site CARAS. Formada em jornalismo pela Faculdade C\u00e1sper L\u00edbero, ela j\u00e1 passou por sites como Todateen, Sportlife e espnW. Escreve sobre celebridades, TV, reality show e novelas.<\/p>\n","protected":false},"excerpt":{"rendered":"A filha mais velha de Giovanna Ewbank e Bruno Gagliasso, Titi, de 12 anos, pediu para mudar o&hellip;\n","protected":false},"author":2,"featured_media":141142,"comment_status":"","ping_status":"","sticky":false,"template":"","format":"standard","meta":{"footnotes":""},"categories":[145],"tags":[211,210,114,115,31307,3780,32,33,8267],"class_list":{"0":"post-141141","1":"post","2":"type-post","3":"status-publish","4":"format-standard","5":"has-post-thumbnail","7":"category-celebridades","8":"tag-celebridades","9":"tag-celebrities","10":"tag-entertainment","11":"tag-entretenimento","12":"tag-filha-giovanna-ewbank","13":"tag-giovanna-ewbank","14":"tag-portugal","15":"tag-pt","16":"tag-titi"},"share_on_mastodon":{"url":"https:\/\/pubeurope.com\/@pt\/115499807937751951","error":""},"_links":{"self":[{"href":"https:\/\/www.europesays.com\/pt\/wp-json\/wp\/v2\/posts\/141141","targetHints":{"allow":["GET"]}}],"collection":[{"href":"https:\/\/www.europesays.com\/pt\/wp-json\/wp\/v2\/posts"}],"about":[{"href":"https:\/\/www.europesays.com\/pt\/wp-json\/wp\/v2\/types\/post"}],"author":[{"embeddable":true,"href":"https:\/\/www.europesays.com\/pt\/wp-json\/wp\/v2\/users\/2"}],"replies":[{"embeddable":true,"href":"https:\/\/www.europesays.com\/pt\/wp-json\/wp\/v2\/comments?post=141141"}],"version-history":[{"count":0,"href":"https:\/\/www.europesays.com\/pt\/wp-json\/wp\/v2\/posts\/141141\/revisions"}],"wp:featuredmedia":[{"embeddable":true,"href":"https:\/\/www.europesays.com\/pt\/wp-json\/wp\/v2\/media\/141142"}],"wp:attachment":[{"href":"https:\/\/www.europesays.com\/pt\/wp-json\/wp\/v2\/media?parent=141141"}],"wp:term":[{"taxonomy":"category","embeddable":true,"href":"https:\/\/www.europesays.com\/pt\/wp-json\/wp\/v2\/categories?post=141141"},{"taxonomy":"post_tag","embeddable":true,"href":"https:\/\/www.europesays.com\/pt\/wp-json\/wp\/v2\/tags?post=141141"}],"curies":[{"name":"wp","href":"https:\/\/api.w.org\/{rel}","templated":true}]}}