{"id":141143,"date":"2025-11-06T00:01:08","date_gmt":"2025-11-06T00:01:08","guid":{"rendered":"https:\/\/www.europesays.com\/pt\/141143\/"},"modified":"2025-11-06T00:01:08","modified_gmt":"2025-11-06T00:01:08","slug":"ipdj-retira-ofertas-de-iptv-e-promove-auditoria-interna-observador","status":"publish","type":"post","link":"https:\/\/www.europesays.com\/pt\/141143\/","title":{"rendered":"IPDJ retira ofertas de IPTV e promove auditoria interna \u2013 Observador"},"content":{"rendered":"<p>O Instituto Portugu\u00eas do Desporto e Juventude (IPDJ) assegurou esta quarta-feira ter retirado as publicidades a IPTV pirata nas suas p\u00e1ginas, anunciando a realiza\u00e7\u00e3o de uma auditoria interna \u00e0 seguran\u00e7a dos seus sistemas.<\/p>\n<p>Na ter\u00e7a-feira, uma fonte da Pol\u00edcia Judici\u00e1ria (PJ) confirmou \u00e0 Lusa estar a investigar uma queixa apresentada pela Associa\u00e7\u00e3o para a Gest\u00e3o Coletiva de Direitos de Autor e de Produtores Cinematogr\u00e1ficos e Audiovisuais (GEDIPE), sobre esta falha de seguran\u00e7a, que permitiu o <a href=\"https:\/\/observador.pt\/2025\/11\/04\/policia-judiciaria-investiga-divulgacao-de-iptv-em-paginas-do-governo\/\" rel=\"nofollow noopener\" target=\"_blank\">alojamento destes an\u00fancios<\/a> em dom\u00ednios atribu\u00eddos ao Governo.<\/p>\n<p>Esta quarta-feira, em resposta \u00e0 Lusa, o IPDJ confirmou que \u201ca situa\u00e7\u00e3o identificada foi prontamente mitigada, tendo sido efetuada a respetiva corre\u00e7\u00e3o de forma imediata\u201d, assegurando que, apesar da ocorr\u00eancia, \u201cno que respeita \u00e0 seguran\u00e7a da informa\u00e7\u00e3o, <strong>n\u00e3o foi detetado qualquer tipo de comprometimento de conte\u00fados nas plataformas identificadas<\/strong>\u201c.<\/p>\n<p>Al\u00e9m disso, o departamento de comunica\u00e7\u00e3o do IPDJ, revelou ter sido \u201cigualmente implementadas medidas corretivas nas plataformas envolvidas\u201d. \u201cO IPDJ disp\u00f5e de um sistema de single sign-on\u00a0para acesso aos seus diversos servi\u00e7os. Atualmente, encontra-se em curso a transi\u00e7\u00e3o para um m\u00e9todo de autentica\u00e7\u00e3o mais robusto, que refor\u00e7a a seguran\u00e7a no acesso aos servi\u00e7os digitais. Este novo modelo baseia-se na autentica\u00e7\u00e3o \u00fanica atrav\u00e9s da Chave M\u00f3vel Digital e do Cart\u00e3o de Cidad\u00e3o, passando este a ser o m\u00e9todo predefinido para autentica\u00e7\u00e3o\u201d, explicou.<\/p>\n<p>Mesmo assim, o instituto liderado por Ricardo Gon\u00e7alves <strong>vai empreender uma auditoria interna \u00e0 seguran\u00e7a dos sistemas, \u201cplaneada anteriormente de forma preventiva,<\/strong> que ter\u00e1 in\u00edcio durante o presente m\u00eas\u201d.<\/p>\n<p>Na passada quinta-feira, a Lusa tinha constatado que v\u00e1rias p\u00e1ginas do Governo portugu\u00eas, com a extens\u00e3o .gov.pt, nomeadamente pertencentes ao Instituto Portugu\u00eas do Desporto e Juventude (IPDJ), alojavam ofertas de IPTV pirata.<\/p>\n<p>Este m\u00e9todo de transmiss\u00e3o televisiva ilegal via Internet estava a ser publicitado em p\u00e1ginas dedicadas ao<a href=\"https:\/\/museudesporto.ipdj.gov.pt\/\" rel=\"nofollow noopener\" target=\"_blank\"> Museu do Desporto<\/a>, ao <a href=\"https:\/\/pned.ipdj.gov.pt\/\" rel=\"nofollow noopener\" target=\"_blank\">Plano Nacional de \u00c9tica no Desporto<\/a>, mas tamb\u00e9m do pr\u00f3prio <a href=\"https:\/\/ipdj.gov.pt\/\" rel=\"nofollow noopener\" target=\"_blank\">IPDJ <\/a>, todas elas, entretanto, eliminadas.<\/p>\n<p>Mesmo sem liga\u00e7\u00e3o ao desporto, tamb\u00e9m o <a href=\"https:\/\/www.gpeari.gov.pt\/\" rel=\"nofollow noopener\" target=\"_blank\">Gabinete de Planeamento, Estrat\u00e9gia, Avalia\u00e7\u00e3o e Rela\u00e7\u00f5es Internacionais<\/a>, do Minist\u00e9rio das Finan\u00e7as tinha ofertas semelhantes.<\/p>\n","protected":false},"excerpt":{"rendered":"O Instituto Portugu\u00eas do Desporto e Juventude (IPDJ) assegurou esta quarta-feira ter retirado as publicidades a IPTV pirata&hellip;\n","protected":false},"author":2,"featured_media":141144,"comment_status":"","ping_status":"","sticky":false,"template":"","format":"standard","meta":{"footnotes":""},"categories":[142],"tags":[604,31308,114,115,301,549,302,32,33,58,110,151],"class_list":{"0":"post-141143","1":"post","2":"type-post","3":"status-publish","4":"format-standard","5":"has-post-thumbnail","7":"category-tv","8":"tag-crime","9":"tag-crime-informu00e1tico","10":"tag-entertainment","11":"tag-entretenimento","12":"tag-governo","13":"tag-internet","14":"tag-polu00edtica","15":"tag-portugal","16":"tag-pt","17":"tag-sociedade","18":"tag-tecnologia","19":"tag-tv"},"share_on_mastodon":{"url":"https:\/\/pubeurope.com\/@pt\/115499819768553812","error":""},"_links":{"self":[{"href":"https:\/\/www.europesays.com\/pt\/wp-json\/wp\/v2\/posts\/141143","targetHints":{"allow":["GET"]}}],"collection":[{"href":"https:\/\/www.europesays.com\/pt\/wp-json\/wp\/v2\/posts"}],"about":[{"href":"https:\/\/www.europesays.com\/pt\/wp-json\/wp\/v2\/types\/post"}],"author":[{"embeddable":true,"href":"https:\/\/www.europesays.com\/pt\/wp-json\/wp\/v2\/users\/2"}],"replies":[{"embeddable":true,"href":"https:\/\/www.europesays.com\/pt\/wp-json\/wp\/v2\/comments?post=141143"}],"version-history":[{"count":0,"href":"https:\/\/www.europesays.com\/pt\/wp-json\/wp\/v2\/posts\/141143\/revisions"}],"wp:featuredmedia":[{"embeddable":true,"href":"https:\/\/www.europesays.com\/pt\/wp-json\/wp\/v2\/media\/141144"}],"wp:attachment":[{"href":"https:\/\/www.europesays.com\/pt\/wp-json\/wp\/v2\/media?parent=141143"}],"wp:term":[{"taxonomy":"category","embeddable":true,"href":"https:\/\/www.europesays.com\/pt\/wp-json\/wp\/v2\/categories?post=141143"},{"taxonomy":"post_tag","embeddable":true,"href":"https:\/\/www.europesays.com\/pt\/wp-json\/wp\/v2\/tags?post=141143"}],"curies":[{"name":"wp","href":"https:\/\/api.w.org\/{rel}","templated":true}]}}