{"id":141168,"date":"2025-11-06T00:40:23","date_gmt":"2025-11-06T00:40:23","guid":{"rendered":"https:\/\/www.europesays.com\/pt\/141168\/"},"modified":"2025-11-06T00:40:23","modified_gmt":"2025-11-06T00:40:23","slug":"veja-os-looks-dos-famosos-no-premio-earthshot-no-rio-de-janeiro","status":"publish","type":"post","link":"https:\/\/www.europesays.com\/pt\/141168\/","title":{"rendered":"Veja os looks dos famosos no Pr\u00eamio Earthshot no Rio de Janeiro"},"content":{"rendered":"<p>Na noite desta quarta-feira, 5, v\u00e1rias celebridades brasileiras se reuniram para prestigiar o Pr\u00eamio Earthshot, que \u00e9 uma iniciativa do <a href=\"https:\/\/caras.com.br\/tags\/principe-william\" rel=\"nofollow noopener\" target=\"_blank\">pr\u00edncipe <strong>William<\/strong><\/a>. O evento aconteceu no Rio de Janeiro e tem o objetivo de premiar projetos com a\u00e7\u00f5es em prol do meio ambiente.<\/p>\n<p>Entre os famosos presentes estavam: Luciano Huck, Ang\u00e9lica, Camila Queiroz, Klebber Toledo, F\u00e1tima Bernardes, Rebeca Andrade, Maju Coutinho, Rit\u0105 Batista, Marina Silva, Alane Dias, Isabelle Nogueira e Gilberto Gil.<\/p>\n<p> Veja os looks dos convidados: <img loading=\"lazy\" decoding=\"async\" class=\"wp-image-1027360 size-full img-fluid lazy\" alt=\"Ang\u00e9lica e Luciano Huck - Foto: Victor Chapetta\/BrazilNews\" width=\"1366\" height=\"2048\" src=\"https:\/\/www.europesays.com\/pt\/wp-content\/uploads\/2025\/11\/Luciano-Huck-3.jpg\"  \/>Ang\u00e9lica e Luciano Huck \u2013 Foto: Victor Chapetta\/BrazilNews <img loading=\"lazy\" decoding=\"async\" class=\"wp-image-1027357 size-full img-fluid lazy\" alt=\"Klebber Toledo e Camila Queiroz - Foto: Victor Chapetta\/BrazilNews\" width=\"2048\" height=\"1366\" src=\"https:\/\/www.europesays.com\/pt\/wp-content\/uploads\/2025\/11\/Klebber-Toledo-2.jpg\"  \/>Klebber Toledo e Camila Queiroz \u2013 Foto: Victor Chapetta\/BrazilNews <img loading=\"lazy\" decoding=\"async\" class=\"wp-image-1027355 size-full img-fluid lazy\" alt=\"Anitta - Foto: Victor Chapetta\/BrazilNews\" width=\"1366\" height=\"2048\" src=\"https:\/\/www.europesays.com\/pt\/wp-content\/uploads\/2025\/11\/Anitta-1.jpg\"  \/>Anitta \u2013 Foto: Victor Chapetta\/BrazilNews <img loading=\"lazy\" decoding=\"async\" class=\"wp-image-1027363 size-full img-fluid lazy\" alt=\"Shawn Mendes - Foto: Victor Chapetta\/BrazilNews\" width=\"1366\" height=\"2048\" src=\"https:\/\/www.europesays.com\/pt\/wp-content\/uploads\/2025\/11\/Shawn-Mendes-3.jpg\"  \/>Shawn Mendes \u2013 Foto: Victor Chapetta\/BrazilNews <img loading=\"lazy\" decoding=\"async\" class=\"wp-image-1027362 size-full img-fluid lazy\" alt=\"Kylie Minogue - Foto: Victor Chapetta\/BrazilNews\" width=\"1365\" height=\"2048\" src=\"https:\/\/www.europesays.com\/pt\/wp-content\/uploads\/2025\/11\/Kylie-Minogue-3.jpg\"  \/>Kylie Minogue \u2013 Foto: Victor Chapetta\/BrazilNews <img loading=\"lazy\" decoding=\"async\" class=\"wp-image-1027361 size-full img-fluid lazy\" alt=\"Sebastian Vettel - Foto: Victor Chapetta\/BrazilNews\" width=\"1366\" height=\"2048\" src=\"https:\/\/www.europesays.com\/pt\/wp-content\/uploads\/2025\/11\/Sebastian-Vettel-2.jpg\"  \/>Sebastian Vettel \u2013 Foto: Victor Chapetta\/BrazilNews <img loading=\"lazy\" decoding=\"async\" class=\"wp-image-1027358 size-full img-fluid lazy\" alt=\"Sabrina Sato - Foto: Victor Chapetta\/BrazilNews\" width=\"1366\" height=\"2048\" src=\"https:\/\/www.europesays.com\/pt\/wp-content\/uploads\/2025\/11\/Sabrina-Sato-3-1.jpg\"  \/>Sabrina Sato \u2013 Foto: Victor Chapetta\/BrazilNews <img loading=\"lazy\" decoding=\"async\" class=\"wp-image-1027356 size-full img-fluid lazy\" alt=\"Daniela Sarahyba - Foto: Victor Chapetta\/BrazilNews\" width=\"1366\" height=\"2048\" src=\"https:\/\/www.europesays.com\/pt\/wp-content\/uploads\/2025\/11\/Daniela-Sarahyba-1.jpg\"  \/>Daniela Sarahyba \u2013 Foto: Victor Chapetta\/BrazilNews <img loading=\"lazy\" decoding=\"async\" class=\"wp-image-1027314 size-full img-fluid lazy\" alt=\"Maju Coutinho - Foto: Victor Chapetta\/BrazilNews\" width=\"1365\" height=\"2048\" src=\"https:\/\/www.europesays.com\/pt\/wp-content\/uploads\/2025\/11\/Maju-Coutinho-2.jpg\"  \/>Maju Coutinho \u2013 Foto: Victor Chapetta\/BrazilNews <img loading=\"lazy\" decoding=\"async\" class=\"wp-image-1027310 size-full img-fluid lazy\" alt=\"F\u00e1tima Bernardes - Foto: Victor Chapetta\/BrazilNews\" width=\"1366\" height=\"2048\" src=\"https:\/\/www.europesays.com\/pt\/wp-content\/uploads\/2025\/11\/Fatima-Bernardes-3.jpg\"  \/>F\u00e1tima Bernardes \u2013 Foto: Victor Chapetta\/BrazilNews <img loading=\"lazy\" decoding=\"async\" class=\"wp-image-1027316 size-full img-fluid lazy\" alt=\"Rebeca Andrade - Foto: Victor Chapetta\/BrazilNews\" width=\"1366\" height=\"2048\" src=\"https:\/\/www.europesays.com\/pt\/wp-content\/uploads\/2025\/11\/Rebecca-Andrade-2.jpg\"  \/>Rebeca Andrade \u2013 Foto: Victor Chapetta\/BrazilNews <img loading=\"lazy\" decoding=\"async\" class=\"wp-image-1027317 size-full img-fluid lazy\" alt=\"Rita Batista - Foto: Victor Chapetta\/BrazilNews\" width=\"2048\" height=\"1366\" src=\"https:\/\/www.europesays.com\/pt\/wp-content\/uploads\/2025\/11\/Rita-Batista-4.jpg\"  \/>Rita Batista \u2013 Foto: Victor Chapetta\/BrazilNews <img loading=\"lazy\" decoding=\"async\" class=\"wp-image-1027315 size-full img-fluid lazy\" alt=\"Marina Silva - Foto: Victor Chapetta\/BrazilNews\" width=\"1366\" height=\"2048\" src=\"https:\/\/www.europesays.com\/pt\/wp-content\/uploads\/2025\/11\/Marina-Silva-2.jpg\"  \/>Marina Silva \u2013 Foto: Victor Chapetta\/BrazilNews <img loading=\"lazy\" decoding=\"async\" class=\"wp-image-1027313 size-full img-fluid lazy\" alt=\"Isabelle Nogueira - Foto: Victor Chapetta\/BrazilNews\" width=\"1366\" height=\"2048\" src=\"https:\/\/www.europesays.com\/pt\/wp-content\/uploads\/2025\/11\/Isabelle-Nogueira-3.jpg\"  \/>Isabelle Nogueira \u2013 Foto: Victor Chapetta\/BrazilNews <img loading=\"lazy\" decoding=\"async\" class=\"wp-image-1027312 size-full img-fluid lazy\" alt=\"Gilberto Gil - Foto: Victor Chapetta\/BrazilNews\" width=\"1366\" height=\"2048\" src=\"https:\/\/www.europesays.com\/pt\/wp-content\/uploads\/2025\/11\/Gilberto-Gil-4.jpg\"  \/>Gilberto Gil \u2013 Foto: Victor Chapetta\/BrazilNews <img loading=\"lazy\" decoding=\"async\" class=\"wp-image-1027311 size-full img-fluid lazy\" alt=\"Kenya Sade - Foto: Victor Chapetta\/BrazilNews\" width=\"1706\" height=\"2560\" src=\"https:\/\/www.europesays.com\/pt\/wp-content\/uploads\/2025\/11\/FRF_9563-scaled.jpeg\"  \/>Kenya Sade \u2013 Foto: Victor Chapetta\/BrazilNews <img loading=\"lazy\" decoding=\"async\" class=\"wp-image-1027308 size-full img-fluid lazy\" alt=\"Alane Dias - Foto: Victor Chapetta\/BrazilNews\" width=\"1366\" height=\"2048\" src=\"https:\/\/www.europesays.com\/pt\/wp-content\/uploads\/2025\/11\/Alane-Dias-3.jpg\"  \/>Alane Dias \u2013 Foto: Victor Chapetta\/BrazilNews <img loading=\"lazy\" decoding=\"async\" class=\"wp-image-1027309 size-full img-fluid lazy\" alt=\"Cafu e a namorada - Foto: Victor Chapetta\/BrazilNews\" width=\"1366\" height=\"2048\" src=\"https:\/\/www.europesays.com\/pt\/wp-content\/uploads\/2025\/11\/Cafu-3.jpg\"  \/>Cafu e a namorada \u2013 Foto: Victor Chapetta\/BrazilNews Saiba mais sobre o que \u00e9 o Pr\u00eamio Earthshot <\/p>\n<p>O Pr\u00eamio Earthshot (Earthshot Prize) \u00e9 uma iniciativa global ambiciosa criada pelo Pr\u00edncipe William em 2020 com o objetivo de encontrar, celebrar e apoiar solu\u00e7\u00f5es em escala para os maiores desafios ambientais do planeta at\u00e9 2030. A ideia central \u00e9 injetar um senso de otimismo urgente no debate clim\u00e1tico, mostrando que existem respostas inovadoras e que a humanidade pode, de fato, \u201creparar o planeta\u201d nesta d\u00e9cada cr\u00edtica.<\/p>\n<p>O pr\u00eamio \u00e9 not\u00e1vel n\u00e3o apenas pela visibilidade real, mas pelo investimento: a cada ano, cinco vencedores \u2014 um para cada categoria (ou \u201cEarthshot\u201d) \u2014 recebem um valor consider\u00e1vel para ampliar o impacto de suas solu\u00e7\u00f5es.<\/p>\n<p>O valor substancial e o suporte cont\u00ednuo do pr\u00eamio buscam catalisar esses projetos, conectando os inovadores com financiamento, investidores e l\u00edderes globais, garantindo que as solu\u00e7\u00f5es saiam do laborat\u00f3rio e cheguem ao mundo real em larga escala.<\/p>\n<p>A relev\u00e2ncia do Earthshot Prize no Brasil ganhou destaque m\u00e1ximo em 2025, quando o Rio de Janeiro foi escolhido para sediar a cerim\u00f4nia anual da premia\u00e7\u00e3o. Essa foi a primeira vez que o evento aconteceu na Am\u00e9rica Latina, e contou com a presen\u00e7a do Pr\u00edncipe William, que recebeu at\u00e9 a chave da cidade.<\/p>\n<p>\u00a0<\/p>\n<p>        <a href=\"https:\/\/caras.com.br\/autor\/priscilla-comoti\" rel=\"nofollow noopener\" target=\"_blank\">&#13;<br \/>\n          <img alt=\"Priscilla Comoti\" src=\"https:\/\/www.europesays.com\/pt\/wp-content\/uploads\/2025\/11\/1762389623_303_e53883bdf02c542f6517b68879e8cb08b27a1d55c4dfd53577e47d3ab6331a06\"  class=\"avatar avatar-115 photo rounded-circle mr-3\" height=\"115\" width=\"115\" loading=\"lazy\" decoding=\"async\"\/>        <\/a><\/p>\n<p>Priscilla Comoti \u00e9 editora de conte\u00fado do site CARAS. Ela \u00e9 formada em jornalismo e em audiovisual, j\u00e1 passou pelos sites Contigo!, Minha Novela, TiTiTi, Mais Novela e Portal M\u00e1rcia Piovesan. Escreve sobre celebridades, not\u00edcias sobre a fam\u00edlia real brit\u00e2nica, TV, reality show e novelas.<\/p>\n","protected":false},"excerpt":{"rendered":"Na noite desta quarta-feira, 5, v\u00e1rias celebridades brasileiras se reuniram para prestigiar o Pr\u00eamio Earthshot, que \u00e9 uma&hellip;\n","protected":false},"author":2,"featured_media":141169,"comment_status":"","ping_status":"","sticky":false,"template":"","format":"standard","meta":{"footnotes":""},"categories":[145],"tags":[726,211,210,114,115,32,31309,8696,33,2326],"class_list":{"0":"post-141168","1":"post","2":"type-post","3":"status-publish","4":"format-standard","5":"has-post-thumbnail","7":"category-celebridades","8":"tag-brasil","9":"tag-celebridades","10":"tag-celebrities","11":"tag-entertainment","12":"tag-entretenimento","13":"tag-portugal","14":"tag-premio-earthshot","15":"tag-principe-william","16":"tag-pt","17":"tag-rio-de-janeiro"},"share_on_mastodon":{"url":"https:\/\/pubeurope.com\/@pt\/115499973159983869","error":""},"_links":{"self":[{"href":"https:\/\/www.europesays.com\/pt\/wp-json\/wp\/v2\/posts\/141168","targetHints":{"allow":["GET"]}}],"collection":[{"href":"https:\/\/www.europesays.com\/pt\/wp-json\/wp\/v2\/posts"}],"about":[{"href":"https:\/\/www.europesays.com\/pt\/wp-json\/wp\/v2\/types\/post"}],"author":[{"embeddable":true,"href":"https:\/\/www.europesays.com\/pt\/wp-json\/wp\/v2\/users\/2"}],"replies":[{"embeddable":true,"href":"https:\/\/www.europesays.com\/pt\/wp-json\/wp\/v2\/comments?post=141168"}],"version-history":[{"count":0,"href":"https:\/\/www.europesays.com\/pt\/wp-json\/wp\/v2\/posts\/141168\/revisions"}],"wp:featuredmedia":[{"embeddable":true,"href":"https:\/\/www.europesays.com\/pt\/wp-json\/wp\/v2\/media\/141169"}],"wp:attachment":[{"href":"https:\/\/www.europesays.com\/pt\/wp-json\/wp\/v2\/media?parent=141168"}],"wp:term":[{"taxonomy":"category","embeddable":true,"href":"https:\/\/www.europesays.com\/pt\/wp-json\/wp\/v2\/categories?post=141168"},{"taxonomy":"post_tag","embeddable":true,"href":"https:\/\/www.europesays.com\/pt\/wp-json\/wp\/v2\/tags?post=141168"}],"curies":[{"name":"wp","href":"https:\/\/api.w.org\/{rel}","templated":true}]}}