{"id":141174,"date":"2025-11-06T00:47:19","date_gmt":"2025-11-06T00:47:19","guid":{"rendered":"https:\/\/www.europesays.com\/pt\/141174\/"},"modified":"2025-11-06T00:47:19","modified_gmt":"2025-11-06T00:47:19","slug":"prefeitura-realiza-atendimento-de-prevencao-a-cancer-bucal-na-feira-desta-sexta-7-em-barra-do-garcas","status":"publish","type":"post","link":"https:\/\/www.europesays.com\/pt\/141174\/","title":{"rendered":"Prefeitura realiza atendimento de preven\u00e7\u00e3o a c\u00e2ncer bucal na feira desta sexta (7), em Barra do Gar\u00e7as"},"content":{"rendered":"<p dir=\"ltr\" style=\"text-align: justify;\">A Prefeitura de Barra do Gar\u00e7as, em parceria com o Centro Universit\u00e1rio Univar, vai realizar uma a\u00e7\u00e3o de preven\u00e7\u00e3o ao c\u00e2ncer bucal, nesta sexta-feira (7), a partir das 17h, na feira da avenida Salom\u00e9 Jos\u00e9 Rodrigues. Profissionais da sa\u00fade v\u00e3o oferecer orienta\u00e7\u00e3o e exame cl\u00ednico de detec\u00e7\u00e3o de les\u00f5es bucais que podem indicar a doen\u00e7a.<\/p>\n<p style=\"text-align: justify;\">Quem visitar a feira, nesta sexta, ter\u00e1 a oportunidade de receber informa\u00e7\u00f5es e tirar d\u00favidas sobre o c\u00e2ncer bucal. A equipe presente tamb\u00e9m oferecer\u00e1 uma avalia\u00e7\u00e3o cl\u00ednica na boca, que tem o objetivo de identificar poss\u00edveis les\u00f5es bucais.<\/p>\n<p style=\"text-align: justify;\">Em caso de feridas ou outras anormalidades que indiquem suspeita de c\u00e2ncer, o paciente ser\u00e1 orientado e encaminhado para exames posteriores de detec\u00e7\u00e3o da doen\u00e7a.<\/p>\n<p style=\"text-align: justify;\">A a\u00e7\u00e3o \u00e9 uma iniciativa da Coordena\u00e7\u00e3o de Sa\u00fade Bucal do munic\u00edpio, junto \u00e0 Educa\u00e7\u00e3o em Sa\u00fade, e a Coordena\u00e7\u00e3o do curso de Odontologia da Univar. O trabalho integra a Semana Nacional de Preven\u00e7\u00e3o de C\u00e2ncer Bucal, que ocorre entre 1 e 7 de novembro, e faz alus\u00e3o \u00e0 campanha Novembro Vermelho de conscientiza\u00e7\u00e3o sobre a doen\u00e7a.<\/p>\n<p style=\"text-align: justify;\">Les\u00f5es suspeitas na boca devem ser avaliadas por um m\u00e9dico ou dentista. Em Barra do Gar\u00e7as, o cidad\u00e3o que identificar algum tipo de les\u00e3o bucal incomum deve procurar o quanto antes uma unidade b\u00e1sica de sa\u00fade (UBS) para a devida avalia\u00e7\u00e3o.<\/p>\n","protected":false},"excerpt":{"rendered":"A Prefeitura de Barra do Gar\u00e7as, em parceria com o Centro Universit\u00e1rio Univar, vai realizar uma a\u00e7\u00e3o de&hellip;\n","protected":false},"author":2,"featured_media":141175,"comment_status":"","ping_status":"","sticky":false,"template":"","format":"standard","meta":{"footnotes":""},"categories":[86],"tags":[4080,4079,4074,4075,116,4083,13,4078,32,30946,33,117,4077,4081,4076,4082],"class_list":{"0":"post-141174","1":"post","2":"type-post","3":"status-publish","4":"format-standard","5":"has-post-thumbnail","7":"category-saude","8":"tag-desenvolvimento","9":"tag-documentos","10":"tag-galeria-de-fotos","11":"tag-galeria-de-fotos-da-cidade","12":"tag-health","13":"tag-institucional","14":"tag-noticias","15":"tag-noticias-da-cidade","16":"tag-portugal","17":"tag-prefeitura-municipal-de-barra-do-garcas","18":"tag-pt","19":"tag-saude","20":"tag-secretarias","21":"tag-sites","22":"tag-tv-prefeitura","23":"tag-websites"},"share_on_mastodon":{"url":"https:\/\/pubeurope.com\/@pt\/115500000447851350","error":""},"_links":{"self":[{"href":"https:\/\/www.europesays.com\/pt\/wp-json\/wp\/v2\/posts\/141174","targetHints":{"allow":["GET"]}}],"collection":[{"href":"https:\/\/www.europesays.com\/pt\/wp-json\/wp\/v2\/posts"}],"about":[{"href":"https:\/\/www.europesays.com\/pt\/wp-json\/wp\/v2\/types\/post"}],"author":[{"embeddable":true,"href":"https:\/\/www.europesays.com\/pt\/wp-json\/wp\/v2\/users\/2"}],"replies":[{"embeddable":true,"href":"https:\/\/www.europesays.com\/pt\/wp-json\/wp\/v2\/comments?post=141174"}],"version-history":[{"count":0,"href":"https:\/\/www.europesays.com\/pt\/wp-json\/wp\/v2\/posts\/141174\/revisions"}],"wp:featuredmedia":[{"embeddable":true,"href":"https:\/\/www.europesays.com\/pt\/wp-json\/wp\/v2\/media\/141175"}],"wp:attachment":[{"href":"https:\/\/www.europesays.com\/pt\/wp-json\/wp\/v2\/media?parent=141174"}],"wp:term":[{"taxonomy":"category","embeddable":true,"href":"https:\/\/www.europesays.com\/pt\/wp-json\/wp\/v2\/categories?post=141174"},{"taxonomy":"post_tag","embeddable":true,"href":"https:\/\/www.europesays.com\/pt\/wp-json\/wp\/v2\/tags?post=141174"}],"curies":[{"name":"wp","href":"https:\/\/api.w.org\/{rel}","templated":true}]}}