{"id":141176,"date":"2025-11-06T00:53:12","date_gmt":"2025-11-06T00:53:12","guid":{"rendered":"https:\/\/www.europesays.com\/pt\/141176\/"},"modified":"2025-11-06T00:53:12","modified_gmt":"2025-11-06T00:53:12","slug":"champions-benfica-0-1-bayer-leverkusen","status":"publish","type":"post","link":"https:\/\/www.europesays.com\/pt\/141176\/","title":{"rendered":"Champions: Benfica 0-1 Bayer Leverkusen"},"content":{"rendered":"\n<p>\n    \ud83d\udd34 Onze do Benfica\n  <\/p>\n<p>\n    Trubin; Aursnes, Tom\u00e1s Ara\u00fajo, Otamendi e Dahl; Enzo, Richard R\u00edos e Barreiro; Lukebakio, Pavlidis e Sudakov.\n  <\/p>\n<p>\n    Suplentes:\u00a0Samuel Soares, Obrador, Ant\u00f3nio Silva, Ivanovic, Dedic, Schjelderup, Prestianni, Henrique Ara\u00fajo, Joshua Wynder, Jo\u00e3o Veloso, Jo\u00e3o Rego e Diogo Prioste.\n  <\/p>\n<p>\n    \u26ab Onze do Bayer Leverkusen\u00a0\n  <\/p>\n<p>\n    Flekken; Quansah, Bad\u00e9 e Tapsoba; Arthur, Garc\u00eda, Maza e Grimaldo; Poku, Kofane e Echeverri.\n  <\/p>\n<p>\n    Suplentes: Blaswich, Lomb, Tillman, Patrik Schick, Ben Seghir, Mensah, Culbreath, Belocian e Pohl.\n  <\/p>\n","protected":false},"excerpt":{"rendered":"\ud83d\udd34 Onze do Benfica Trubin; Aursnes, Tom\u00e1s Ara\u00fajo, Otamendi e Dahl; Enzo, Richard R\u00edos e Barreiro; Lukebakio, Pavlidis&hellip;\n","protected":false},"author":2,"featured_media":141177,"comment_status":"","ping_status":"","sticky":false,"template":"","format":"standard","meta":{"footnotes":""},"categories":[8],"tags":[609,836,611,4136,51,27,28,5043,607,608,333,832,604,135,610,476,15,16,301,830,14,603,25,26,1003,570,21,22,831,833,62,834,12,13,19,20,835,602,52,32,23,24,33,17,18,29,30,31],"class_list":{"0":"post-141176","1":"post","2":"type-post","3":"status-publish","4":"format-standard","5":"has-post-thumbnail","7":"category-principais-noticias","8":"tag-alerta","9":"tag-analise","10":"tag-ao-minuto","11":"tag-bayer-leverkusen","12":"tag-benfica","13":"tag-breaking-news","14":"tag-breakingnews","15":"tag-champions","16":"tag-cnn","17":"tag-cnn-portugal","18":"tag-comentadores","19":"tag-costa","20":"tag-crime","21":"tag-desporto","22":"tag-direto","23":"tag-economia","24":"tag-featured-news","25":"tag-featurednews","26":"tag-governo","27":"tag-guerra","28":"tag-headlines","29":"tag-justica","30":"tag-latest-news","31":"tag-latestnews","32":"tag-liga-dos-campeoes","33":"tag-live","34":"tag-main-news","35":"tag-mainnews","36":"tag-mais-vistas","37":"tag-marcelo","38":"tag-mundo","39":"tag-negocios","40":"tag-news","41":"tag-noticias","42":"tag-noticias-principais","43":"tag-noticiasprincipais","44":"tag-opiniao","45":"tag-pais","46":"tag-politica","47":"tag-portugal","48":"tag-principais-noticias","49":"tag-principaisnoticias","50":"tag-pt","51":"tag-top-stories","52":"tag-topstories","53":"tag-ultimas","54":"tag-ultimas-noticias","55":"tag-ultimasnoticias"},"share_on_mastodon":{"url":"","error":"Validation failed: Text character limit of 500 exceeded"},"_links":{"self":[{"href":"https:\/\/www.europesays.com\/pt\/wp-json\/wp\/v2\/posts\/141176","targetHints":{"allow":["GET"]}}],"collection":[{"href":"https:\/\/www.europesays.com\/pt\/wp-json\/wp\/v2\/posts"}],"about":[{"href":"https:\/\/www.europesays.com\/pt\/wp-json\/wp\/v2\/types\/post"}],"author":[{"embeddable":true,"href":"https:\/\/www.europesays.com\/pt\/wp-json\/wp\/v2\/users\/2"}],"replies":[{"embeddable":true,"href":"https:\/\/www.europesays.com\/pt\/wp-json\/wp\/v2\/comments?post=141176"}],"version-history":[{"count":0,"href":"https:\/\/www.europesays.com\/pt\/wp-json\/wp\/v2\/posts\/141176\/revisions"}],"wp:featuredmedia":[{"embeddable":true,"href":"https:\/\/www.europesays.com\/pt\/wp-json\/wp\/v2\/media\/141177"}],"wp:attachment":[{"href":"https:\/\/www.europesays.com\/pt\/wp-json\/wp\/v2\/media?parent=141176"}],"wp:term":[{"taxonomy":"category","embeddable":true,"href":"https:\/\/www.europesays.com\/pt\/wp-json\/wp\/v2\/categories?post=141176"},{"taxonomy":"post_tag","embeddable":true,"href":"https:\/\/www.europesays.com\/pt\/wp-json\/wp\/v2\/tags?post=141176"}],"curies":[{"name":"wp","href":"https:\/\/api.w.org\/{rel}","templated":true}]}}