{"id":141178,"date":"2025-11-06T00:54:09","date_gmt":"2025-11-06T00:54:09","guid":{"rendered":"https:\/\/www.europesays.com\/pt\/141178\/"},"modified":"2025-11-06T00:54:09","modified_gmt":"2025-11-06T00:54:09","slug":"maya-massafera-chora-e-revela-complicacoes-apos-retirar-ossos-do-maxilar","status":"publish","type":"post","link":"https:\/\/www.europesays.com\/pt\/141178\/","title":{"rendered":"Maya Massafera chora e revela complica\u00e7\u00f5es ap\u00f3s retirar ossos do maxilar"},"content":{"rendered":"\n<p class=\"resumo_item_amdb\">Maya Massafera, 45, revelou estar com infec\u00e7\u00e3o no rosto ap\u00f3s cirurgia para retirada de ossos do maxilar.<\/p>\n<p class=\"resumo_item_amdb\">Em v\u00eddeo nas redes sociais, a influenciadora apareceu chorando e disse: \u201cN\u00e3o consigo parar de chorar. Meu rosto t\u00e1 doendo muito. Esse lado t\u00e1 infeccionado. A gente mudou o antibi\u00f3tico.\u201d<\/p>\n<p class=\"resumo_item_amdb\">Ela explicou que a infec\u00e7\u00e3o foi causada por bact\u00e9ria hospitalar, considerada f\u00e1cil de tratar, mas que a deixou assustada.<\/p>\n<p class=\"resumo_item_amdb\">\u201cFico assustada, com medo. Segunda pl\u00e1stica que fa\u00e7o e d\u00e1 um problema. Foi uma infec\u00e7\u00e3o no meu rosto\u201d, desabafou Maya.<\/p>\n<p class=\"resumo_item_amdb\">O procedimento foi realizado na \u00faltima semana, quando a influenciadora removeu alguns ossos do maxilar.<\/p>\n","protected":false},"excerpt":{"rendered":"Maya Massafera, 45, revelou estar com infec\u00e7\u00e3o no rosto ap\u00f3s cirurgia para retirada de ossos do maxilar. Em&hellip;\n","protected":false},"author":2,"featured_media":141179,"comment_status":"","ping_status":"","sticky":false,"template":"","format":"standard","meta":{"footnotes":""},"categories":[145],"tags":[211,210,27040,18663,114,115,31314,31313,19616,15508,32,33,31312,17132],"class_list":{"0":"post-141178","1":"post","2":"type-post","3":"status-publish","4":"format-standard","5":"has-post-thumbnail","7":"category-celebridades","8":"tag-celebridades","9":"tag-celebrities","10":"tag-chora","11":"tag-complicacoes","12":"tag-entertainment","13":"tag-entretenimento","14":"tag-infecccao","15":"tag-maxilar","16":"tag-maya-massafera","17":"tag-ossos","18":"tag-portugal","19":"tag-pt","20":"tag-retirar","21":"tag-revela"},"share_on_mastodon":{"url":"https:\/\/pubeurope.com\/@pt\/115500027964063155","error":""},"_links":{"self":[{"href":"https:\/\/www.europesays.com\/pt\/wp-json\/wp\/v2\/posts\/141178","targetHints":{"allow":["GET"]}}],"collection":[{"href":"https:\/\/www.europesays.com\/pt\/wp-json\/wp\/v2\/posts"}],"about":[{"href":"https:\/\/www.europesays.com\/pt\/wp-json\/wp\/v2\/types\/post"}],"author":[{"embeddable":true,"href":"https:\/\/www.europesays.com\/pt\/wp-json\/wp\/v2\/users\/2"}],"replies":[{"embeddable":true,"href":"https:\/\/www.europesays.com\/pt\/wp-json\/wp\/v2\/comments?post=141178"}],"version-history":[{"count":0,"href":"https:\/\/www.europesays.com\/pt\/wp-json\/wp\/v2\/posts\/141178\/revisions"}],"wp:featuredmedia":[{"embeddable":true,"href":"https:\/\/www.europesays.com\/pt\/wp-json\/wp\/v2\/media\/141179"}],"wp:attachment":[{"href":"https:\/\/www.europesays.com\/pt\/wp-json\/wp\/v2\/media?parent=141178"}],"wp:term":[{"taxonomy":"category","embeddable":true,"href":"https:\/\/www.europesays.com\/pt\/wp-json\/wp\/v2\/categories?post=141178"},{"taxonomy":"post_tag","embeddable":true,"href":"https:\/\/www.europesays.com\/pt\/wp-json\/wp\/v2\/tags?post=141178"}],"curies":[{"name":"wp","href":"https:\/\/api.w.org\/{rel}","templated":true}]}}