{"id":141180,"date":"2025-11-06T00:57:08","date_gmt":"2025-11-06T00:57:08","guid":{"rendered":"https:\/\/www.europesays.com\/pt\/141180\/"},"modified":"2025-11-06T00:57:08","modified_gmt":"2025-11-06T00:57:08","slug":"de-cao-a-boneco-nuno-brito-lisa-shincariol-e-igor-rodriguez-em-guerra-aberta","status":"publish","type":"post","link":"https:\/\/www.europesays.com\/pt\/141180\/","title":{"rendered":"De &#8220;c\u00e3o&#8221; a &#8220;boneco&#8221;: Nuno Brito, Lisa Shincariol e Igor Rodriguez em guerra aberta!"},"content":{"rendered":"<p>Em guerra aberta. \u00c9 assim que aparentam estar Nuno Brito, Lisa Shincariol e Igor Rodriguez, todos eles ex-concorrentes do &#8220;<a href=\"https:\/\/tvi.iol.pt\/bigbrother\/\" target=\"_blank\" rel=\"nofollow noopener\">Big Brother<\/a> 2025&#8243;. Os tr\u00eas t\u00eam trocado uma sucess\u00e3o de farpas no X, antigo Twitter, que t\u00eam captado a aten\u00e7\u00e3o de utilizadores daquela rede social.<\/p>\n<p>Numa das conversas, por exemplo, <a href=\"https:\/\/selfie.iol.pt\/famosos\/big-brother-2025\/nuno-brito-prepara-se-para-surpreender-fas-com-importante-novidade\/20250918\/68cad7e4d34ee0c2fed03717\" target=\"_blank\" rel=\"nofollow noopener\">Nuno Brito<\/a> escreveu para Igor Rodriguez: &#8220;Sabes bem que te contentas com migalhas.\u00a0N\u00e3o me admirava. (&#8230;) Tens que pedalar muito. Foste e ser\u00e1s resto, foste e ser\u00e1s o que sobrou, foste e ser\u00e1s a \u00faltima op\u00e7\u00e3o. Abra\u00e7o, &#8216;mano&#8217;.&#8221;<\/p>\n<p>O madeirense depressa contra-atacou: &#8220;Que ressabiamento \u00e9 este? Oh Nunecas, come um bolo do caco com manteiga de alho e bebe uma poncha, que isso passa-te&#8221;. Lisa Shincariol tamb\u00e9m se pronunciou e mandou uma indireta a Nuno Brito, com quem chegou a relacionar-se na casa mais vigiada do Pa\u00eds: &#8220;Se eu sou &#8216;migalhas&#8217;, \u00e9 porque nunca mereceste o banquete.&#8221;<\/p>\n<p>&#8220;S\u00f3 posso dizer, viver com Nuno, dif\u00edcil&#8230;\u00a0Vivem sem lembrar ou falar de Nuno&#8230; Complicado, ao que me parece&#8221;, atirou o ex-participante do reality show da <a href=\"https:\/\/tvi.iol.pt\/\" target=\"_blank\" rel=\"nofollow noopener\">TVI<\/a>, provocando uma nova rea\u00e7\u00e3o por parte da namorada de Igor Rodriguez: &#8220;Acorda&#8230; J\u00e1 nem me\u00a0lembrava que existias.&#8221;<\/p>\n<p>As farpas prosseguiram e, a determinado momento, Nuno Brito classificou Igor Rodriguez de &#8220;planta&#8221;. &#8220;Para quem foi expulso duas semanas depois, na terceira chapa, est\u00e1s a falar muito, n\u00e3o achas?&#8221;, riu-se, por sua vez, o visado. &#8220;Quando sa\u00ed da casa, n\u00e3o te vi l\u00e1, por acaso. Queria tanto despedir-me de ti&#8230; Ah, pois, j\u00e1 tinhas sido expulso h\u00e1 bu\u00e9 tempo. Continua a\u00ed sozinho agora, c\u00e3o, que tenho coisas para fazer&#8221;, disparou o personal trainer.<\/p>\n<p>Mas o embate ainda estava longe de chegar ao fim. Numa outra mensagem dirigida a Lisa Schincariol, Nuno Brito mandou uma farpa: &#8220;Pelo visto, o teu c\u00e3o n\u00e3o se esquece de mim&#8221;. &#8220;Antes meu c\u00e3o do que por a\u00ed solto&#8230;\u00a0A ladrar por aten\u00e7\u00e3o&#8221;, respondeu a jovem, levando o rival a deixar um novo ataque: &#8220;Pois, n\u00e3o parece&#8230; Nem me lembrava da exist\u00eancia desse ser e, do nada, apareceu por a\u00ed a ladrar para mim sem trela&#8230; Parece que precisa de aten\u00e7\u00e3o, o jovem&#8230;&#8221;<\/p>\n<p>Noutro frente-a-frente, <a href=\"https:\/\/selfie.iol.pt\/famosos\/big-brother-2025\/nao-deu-certo-nuno-brito-anuncia-fim-do-namoro-e-revela-o-que-aconteceu\/20250918\/68cad204d34e58bc6795da9a\" target=\"_blank\" rel=\"nofollow noopener\">Nuno Brito<\/a> aludiu ao facto de, ap\u00f3s um envolvimento do mesmo com Lisa Schincariol, a ex-concorrente do &#8220;Big Brother 2025&#8221; estar a namorar com Igor Rodriguez. &#8220;Boneco, tenta, mas nunca ser\u00e1s a primeira op\u00e7\u00e3o. Lamento&#8221;, escreveu para o madeirense. &#8220;Para a segunda op\u00e7\u00e3o aparecer, quer dizer que a primeira n\u00e3o foi l\u00e1 muito boa&#8221;, ripostou, por sua vez, o madeirense.<\/p>\n","protected":false},"excerpt":{"rendered":"Em guerra aberta. \u00c9 assim que aparentam estar Nuno Brito, Lisa Shincariol e Igor Rodriguez, todos eles ex-concorrentes&hellip;\n","protected":false},"author":2,"featured_media":141181,"comment_status":"","ping_status":"","sticky":false,"template":"","format":"standard","meta":{"footnotes":""},"categories":[142],"tags":[6308,6812,48,6810,114,115,980,11015,11014,619,6915,32,33,1014,1012,151,162,3664],"class_list":{"0":"post-141180","1":"post","2":"type-post","3":"status-publish","4":"format-standard","5":"has-post-thumbnail","7":"category-tv","8":"tag-bb","9":"tag-bb2025","10":"tag-big-brother","11":"tag-big-brother-2025","12":"tag-entertainment","13":"tag-entretenimento","14":"tag-famosos","15":"tag-igor-rodriguez","16":"tag-lisa-schincariol","17":"tag-nacional","18":"tag-nuno-brito","19":"tag-portugal","20":"tag-pt","21":"tag-reality-show","22":"tag-selfie","23":"tag-tv","24":"tag-tvi","25":"tag-twitter"},"share_on_mastodon":{"url":"https:\/\/pubeurope.com\/@pt\/115500039935998043","error":""},"_links":{"self":[{"href":"https:\/\/www.europesays.com\/pt\/wp-json\/wp\/v2\/posts\/141180","targetHints":{"allow":["GET"]}}],"collection":[{"href":"https:\/\/www.europesays.com\/pt\/wp-json\/wp\/v2\/posts"}],"about":[{"href":"https:\/\/www.europesays.com\/pt\/wp-json\/wp\/v2\/types\/post"}],"author":[{"embeddable":true,"href":"https:\/\/www.europesays.com\/pt\/wp-json\/wp\/v2\/users\/2"}],"replies":[{"embeddable":true,"href":"https:\/\/www.europesays.com\/pt\/wp-json\/wp\/v2\/comments?post=141180"}],"version-history":[{"count":0,"href":"https:\/\/www.europesays.com\/pt\/wp-json\/wp\/v2\/posts\/141180\/revisions"}],"wp:featuredmedia":[{"embeddable":true,"href":"https:\/\/www.europesays.com\/pt\/wp-json\/wp\/v2\/media\/141181"}],"wp:attachment":[{"href":"https:\/\/www.europesays.com\/pt\/wp-json\/wp\/v2\/media?parent=141180"}],"wp:term":[{"taxonomy":"category","embeddable":true,"href":"https:\/\/www.europesays.com\/pt\/wp-json\/wp\/v2\/categories?post=141180"},{"taxonomy":"post_tag","embeddable":true,"href":"https:\/\/www.europesays.com\/pt\/wp-json\/wp\/v2\/tags?post=141180"}],"curies":[{"name":"wp","href":"https:\/\/api.w.org\/{rel}","templated":true}]}}