{"id":141198,"date":"2025-11-06T01:30:18","date_gmt":"2025-11-06T01:30:18","guid":{"rendered":"https:\/\/www.europesays.com\/pt\/141198\/"},"modified":"2025-11-06T01:30:18","modified_gmt":"2025-11-06T01:30:18","slug":"principe-william-encontra-os-famosos-na-cerimonia-do-premio-earthshot-no-rj","status":"publish","type":"post","link":"https:\/\/www.europesays.com\/pt\/141198\/","title":{"rendered":"Pr\u00edncipe William encontra os famosos na cerim\u00f4nia do Pr\u00eamio Earthshot no RJ"},"content":{"rendered":"<p>O <a href=\"https:\/\/caras.com.br\/tags\/principe-william\" rel=\"nofollow noopener\" target=\"_blank\">pr\u00edncipe <strong>William<\/strong><\/a> foi o anfitri\u00e3o da cerim\u00f4nia de entrega do Pr\u00eamio Earthshot, no Rio de Janeiro, na noite desta quarta-feira, 5. O herdeiro do trono brit\u00e2nico chegou ao evento com um look elegante e encontro celebridades brasileiras e internacionais no \u2018tapete verde\u2019.<\/p>\n<p>Na entrada do evento, William posou ao lado de Seu Jorge, Anitta, Kylie Minogue e Shawn Mendes, que v\u00e3o fazer performances no palco nesta noite.<\/p>\n<p>Para a ocasi\u00e3o, a cantora Anitta surgiu deslumbrante com um vestido vintage da grife Dior, assinado por John Galliano em 2001.<\/p>\n<p>O pr\u00eamio Earthshot celebra iniciativas em prol do meio ambiente e distribui cinco pr\u00eamios, que, juntos, somam R$ 35 milh\u00f5es.<\/p>\n<p>\t <img loading=\"lazy\" decoding=\"async\" class=\"wp-image-1027350 size-full img-fluid lazy\" alt=\"Pr\u00edncipe William recebe os famosos em premia\u00e7\u00e3o - Foto: Anderson Bord\u00ea \/ AgNews\" width=\"2048\" height=\"1709\" src=\"https:\/\/www.europesays.com\/pt\/wp-content\/uploads\/2025\/11\/Princepe-William-Shawn-Mendes-Kylie-Minogue-2.jpg\"  \/>Pr\u00edncipe William recebe os famosos em premia\u00e7\u00e3o \u2013 Foto: Anderson Bord\u00ea \/ AgNews <img loading=\"lazy\" decoding=\"async\" class=\"wp-image-1027351 size-full img-fluid lazy\" alt=\"Pr\u00edncipe William recebe os famosos em premia\u00e7\u00e3o - Foto: Anderson Bord\u00ea \/ AgNews\" width=\"2048\" height=\"1680\" src=\"https:\/\/www.europesays.com\/pt\/wp-content\/uploads\/2025\/11\/Princepe-William-Shawn-Mendes-Kylie-Minogue-4.jpg\"  \/>Pr\u00edncipe William recebe os famosos em premia\u00e7\u00e3o \u2013 Foto: Anderson Bord\u00ea \/ AgNews <img loading=\"lazy\" decoding=\"async\" class=\"wp-image-1027348 size-full img-fluid lazy\" alt=\"Pr\u00edncipe William recebe os famosos em premia\u00e7\u00e3o - Foto: Anderson Bord\u00ea \/ AgNews\" width=\"2560\" height=\"1707\" src=\"https:\/\/www.europesays.com\/pt\/wp-content\/uploads\/2025\/11\/Anitta-e-Seu-Jorge-e-o-principe-Fotos-Anderson-Borde-AgNews-241-scaled.jpg\"  \/>Pr\u00edncipe William recebe os famosos em premia\u00e7\u00e3o \u2013 Foto: Anderson Bord\u00ea \/ AgNews <img loading=\"lazy\" decoding=\"async\" class=\"wp-image-1027349 size-full img-fluid lazy\" alt=\"Anitta e Seu Jorge - Foto: Anderson Bord\u00ea \/ AgNews\" width=\"1503\" height=\"2048\" src=\"https:\/\/www.europesays.com\/pt\/wp-content\/uploads\/2025\/11\/Anitta-e-Seu-Jorge-e-o-principe-Fotos-Anderson-Borde-AgNews-244.jpg\"  \/>Anitta e Seu Jorge \u2013 Foto: Anderson Bord\u00ea \/ AgNews <\/p>\n<blockquote class=\"instagram-media\" style=\"background: #FFF; border: 0; border-radius: 3px; box-shadow: 0 0 1px 0 rgba(0,0,0,0.5),0 1px 10px 0 rgba(0,0,0,0.15); margin: 1px; max-width: 540px; min-width: 326px; padding: 0; width: calc(100% - 2px);\" data-instgrm-captioned=\"\" data-instgrm-permalink=\"https:\/\/www.instagram.com\/reel\/DQsTzt5je_Z\/?utm_source=ig_embed&amp;utm_campaign=loading\" data-instgrm-version=\"14\"><\/blockquote>\n<p>  Earthshot: O \u201cPr\u00eamio Verde\u201d do Pr\u00edncipe William <\/p>\n<p>O Earthshot Prize, lan\u00e7ado pelo Pr\u00edncipe William em 2020, \u00e9 muito mais do que um simples trof\u00e9u: ele se estabeleceu como um projeto global de impacto que busca ativamente solu\u00e7\u00f5es em grande escala para reverter os danos ambientais at\u00e9 o final desta d\u00e9cada (2030). A meta \u00e9 clara e audaciosa: inspirar um otimismo transformador, provando que a humanidade possui a inventividade e a capacidade de \u201cconsertar nosso lar\u201d em tempo recorde.<\/p>\n<p>Anualmente, o Earthshot se destaca pela sua abordagem de investimento direto e robusto. Em vez de apenas celebrar, ele impulsiona: cinco vencedores \u2014 selecionados anualmente, um para cada desafio central \u2014 s\u00e3o agraciados com um montante significativo de capital destinado a acelerar e expandir suas solu\u00e7\u00f5es.<\/p>\n<p>Esse apoio financeiro vultoso, somado \u00e0 exposi\u00e7\u00e3o internacional e ao endosso da realeza, serve como um poderoso catalisador. O pr\u00eamio conecta os inovadores vision\u00e1rios a uma rede de financiadores, investidores de peso e figuras de lideran\u00e7a mundial, garantindo que as propostas mais promissoras n\u00e3o fiquem apenas na teoria, mas sejam implementadas efetivamente no mundo real e em escala massiva.<\/p>\n<p>O papel do Brasil no cen\u00e1rio do Earthshot ganhou uma nova dimens\u00e3o em 2025. O Rio de Janeiro foi escolhido como palco da cerim\u00f4nia de premia\u00e7\u00e3o daquele ano, marcando a primeira vez que o prestigiado evento desembarcou na Am\u00e9rica Latina. A visita do pr\u00f3prio Pr\u00edncipe William, inclusive com a honraria de receber as chaves da cidade, sublinhou a import\u00e2ncia estrat\u00e9gica do pa\u00eds \u2014 especialmente devido ao seu papel crucial na Amaz\u00f4nia e na biodiversidade global \u2014 para a miss\u00e3o do pr\u00eamio.<\/p>\n<p><strong>Leia tamb\u00e9m<\/strong>: <a href=\"https:\/\/caras.com.br\/realeza\/veja-os-looks-dos-famosos-no-premio-earthshot-no-rio-de-janeiro.phtml\" rel=\"nofollow noopener\" target=\"_blank\">Veja os looks dos famosos no Pr\u00eamio Earthshot no Rio de Janeiro<\/a><\/p>\n<p>        <a href=\"https:\/\/caras.com.br\/autor\/priscilla-comoti\" rel=\"nofollow noopener\" target=\"_blank\">&#13;<br \/>\n          <img alt=\"Priscilla Comoti\" src=\"https:\/\/www.europesays.com\/pt\/wp-content\/uploads\/2025\/11\/1762392618_246_e53883bdf02c542f6517b68879e8cb08b27a1d55c4dfd53577e47d3ab6331a06\"  class=\"avatar avatar-115 photo rounded-circle mr-3\" height=\"115\" width=\"115\" loading=\"lazy\" decoding=\"async\"\/>        <\/a><\/p>\n<p>Priscilla Comoti \u00e9 editora de conte\u00fado do site CARAS. Ela \u00e9 formada em jornalismo e em audiovisual, j\u00e1 passou pelos sites Contigo!, Minha Novela, TiTiTi, Mais Novela e Portal M\u00e1rcia Piovesan. Escreve sobre celebridades, not\u00edcias sobre a fam\u00edlia real brit\u00e2nica, TV, reality show e novelas.<\/p>\n<p>\t                                            <script async src=\"\/\/www.instagram.com\/embed.js\"><\/script><\/p>\n","protected":false},"excerpt":{"rendered":"O pr\u00edncipe William foi o anfitri\u00e3o da cerim\u00f4nia de entrega do Pr\u00eamio Earthshot, no Rio de Janeiro, na&hellip;\n","protected":false},"author":2,"featured_media":141199,"comment_status":"","ping_status":"","sticky":false,"template":"","format":"standard","meta":{"footnotes":""},"categories":[145],"tags":[726,211,210,114,115,32,31309,8696,33,2326],"class_list":{"0":"post-141198","1":"post","2":"type-post","3":"status-publish","4":"format-standard","5":"has-post-thumbnail","7":"category-celebridades","8":"tag-brasil","9":"tag-celebridades","10":"tag-celebrities","11":"tag-entertainment","12":"tag-entretenimento","13":"tag-portugal","14":"tag-premio-earthshot","15":"tag-principe-william","16":"tag-pt","17":"tag-rio-de-janeiro"},"share_on_mastodon":{"url":"https:\/\/pubeurope.com\/@pt\/115500169716339622","error":""},"_links":{"self":[{"href":"https:\/\/www.europesays.com\/pt\/wp-json\/wp\/v2\/posts\/141198","targetHints":{"allow":["GET"]}}],"collection":[{"href":"https:\/\/www.europesays.com\/pt\/wp-json\/wp\/v2\/posts"}],"about":[{"href":"https:\/\/www.europesays.com\/pt\/wp-json\/wp\/v2\/types\/post"}],"author":[{"embeddable":true,"href":"https:\/\/www.europesays.com\/pt\/wp-json\/wp\/v2\/users\/2"}],"replies":[{"embeddable":true,"href":"https:\/\/www.europesays.com\/pt\/wp-json\/wp\/v2\/comments?post=141198"}],"version-history":[{"count":0,"href":"https:\/\/www.europesays.com\/pt\/wp-json\/wp\/v2\/posts\/141198\/revisions"}],"wp:featuredmedia":[{"embeddable":true,"href":"https:\/\/www.europesays.com\/pt\/wp-json\/wp\/v2\/media\/141199"}],"wp:attachment":[{"href":"https:\/\/www.europesays.com\/pt\/wp-json\/wp\/v2\/media?parent=141198"}],"wp:term":[{"taxonomy":"category","embeddable":true,"href":"https:\/\/www.europesays.com\/pt\/wp-json\/wp\/v2\/categories?post=141198"},{"taxonomy":"post_tag","embeddable":true,"href":"https:\/\/www.europesays.com\/pt\/wp-json\/wp\/v2\/tags?post=141198"}],"curies":[{"name":"wp","href":"https:\/\/api.w.org\/{rel}","templated":true}]}}