{"id":14120,"date":"2025-08-03T11:34:08","date_gmt":"2025-08-03T11:34:08","guid":{"rendered":"https:\/\/www.europesays.com\/pt\/14120\/"},"modified":"2025-08-03T11:34:08","modified_gmt":"2025-08-03T11:34:08","slug":"netanyahu-consternado-com-videos-primeiro-ministro-reune-se-com-familiares-de-refens","status":"publish","type":"post","link":"https:\/\/www.europesays.com\/pt\/14120\/","title":{"rendered":"Netanyahu consternado com v\u00eddeos. Primeiro-ministro re\u00fane-se com familiares de ref\u00e9ns"},"content":{"rendered":"<p>&#13;<br \/>\n<b>&#8220;O primeiro-ministro expressou profunda consterna\u00e7\u00e3o com as grava\u00e7\u00f5es divulgadas pela organiza\u00e7\u00e3o terrorista Hamas e disse \u00e0s fam\u00edlias que os esfor\u00e7os para trazer de volta todos os nossos ref\u00e9ns continuam e continuar\u00e3o (&#8230;) sem descanso&#8221;<\/b>, l\u00ea-se num comunicado do gabinete de Netanyahu.&#13;\n<\/p>\n<p>&#13;<br \/>\nA publica\u00e7\u00e3o desde quinta-feira pelo Hamas e pela aliada Jihad Isl\u00e2mica de tr\u00eas v\u00eddeos a mostrar dois ref\u00e9ns, durante o ataque de 7 de outibro de 2023, causou grande como\u00e7\u00e3o em Israel e reacendeu o debate sobre a necessidade de chegar o mais r\u00e1pido poss\u00edvel a um acordo para os libertar.&#13;\n<\/p>\n<p>&#13;<br \/>\n<b>As imagens de Rom Braslavski e Evyatar David, h\u00e1 quase 22 meses em cativeiro, provocaram fortes rea\u00e7\u00f5es entre os israelitas. Nas grava\u00e7\u00f5es, Braslavski de 21 anos, com dupla nacionalidade alem\u00e3-israelita, e David de 24 anos, parecem fracos e desnutridos,\u00a0numa encena\u00e7\u00e3o que visa estabelecer um paralelo com a atual situa\u00e7\u00e3o humanit\u00e1ria em Gaza, amea\u00e7ada de &#8220;fome generalizada&#8221;, de acordo com a ONU. <\/b>&#13;\n<\/p>\n<p>&#13;<br \/>\nDezenas de milhares de pessoas reuniram-se no s\u00e1bado \u00e0 noite em Telavive em apoio \u00e0s fam\u00edlias e para exigir a liberta\u00e7\u00e3o dos ref\u00e9ns.&#13;\n<\/p>\n<p>&#13;<br \/>\nAinda segundo a nota,<b> Netanyahu &#8220;teve uma longa conversa&#8221; com as &#8220;fam\u00edlias dos ref\u00e9ns Rom Breslevski e Evyatar David&#8221;, ambos exibidos nos \u00faltimos v\u00eddeos.<\/b>&#13;\n<\/p>\n<p>&#13;<br \/>\n<b>&#8220;A crueldade do Hamas n\u00e3o tem limites<\/b>&#8220;, comentou ainda Netanyahu, ainda de acordo com o gabinete do primeiro-ministro.&#13;\n<\/p>\n<p>&#13;<br \/>\n<b>&#8220;Enquanto o Estado de Israel permite a entrada de ajuda humanit\u00e1ria para os habitantes de Gaza, os militantes do Hamas est\u00e3o deliberadamente a matar os nossos ref\u00e9ns \u00e0 fome e a film\u00e1-los de forma c\u00ednica e odiosa&#8221;<\/b>, afirmou.&#13;\n<\/p>\n<p>&#13;<br \/>\nOs militantes do Hamas &#8220;tamb\u00e9m est\u00e3o deliberadamente a matar de fome os habitantes da Faixa de Gaza, impedindo-os de receber ajuda, e a ecoar uma campanha de propaganda enganosa contra Israel&#8221;, continuou, apelando aos &#8220;pa\u00edses do mundo para que se mobilizem para condenar claramente os abusos criminosos nazis da organiza\u00e7\u00e3o terrorista Hamas&#8221;.&#13;\n<\/p>\n<p>&#13;<br \/>\n<b>Tamb\u00e9m a Alta Representante da Uni\u00e3o Europeia para os Neg\u00f3cios Estrangeiros exigiu, este domingo, a liberta\u00e7\u00e3o imediata dos ref\u00e9ns <\/b>israelitas exibidos em v\u00eddeos publicados pelos grupos islamitas Hamas e Jihad Isl\u00e2mica, considerando as imagens \u201caterradoras\u201d.<\/p>\n<p><b>\u201cAs imagens dos ref\u00e9ns israelitas s\u00e3o aterradoras e demonstram a barb\u00e1rie do Hamas. Todos os ref\u00e9ns devem ser libertados imediata e incondicionalmente\u201d<\/b>, escreveu Kaja Kallas nas redes sociais.&#13;\n<\/p>\n<p>&#13;<br \/>\n\u201cO Hamas tem de depor as armas e p\u00f4r fim ao seu dom\u00ednio sobre Gaza\u201d, declarou Kaja Kallas. <b>\u201cAo mesmo tempo, a ajuda humanit\u00e1ria em grande escala tem de ser autorizada e tem de chegar aos necessitados&#8221;.<\/b>&#13;\n<\/p>\n<p>&#13;<br \/>\n\u00a0&#13;\n<\/p>\n<p>&#13;<br \/>\nC\/ag\u00eancias&#13;<\/p>\n","protected":false},"excerpt":{"rendered":"&#13; &#8220;O primeiro-ministro expressou profunda consterna\u00e7\u00e3o com as grava\u00e7\u00f5es divulgadas pela organiza\u00e7\u00e3o terrorista Hamas e disse \u00e0s fam\u00edlias&hellip;\n","protected":false},"author":2,"featured_media":14121,"comment_status":"","ping_status":"","sticky":false,"template":"","format":"standard","meta":{"footnotes":""},"categories":[50],"tags":[27,28,5719,15,16,5718,14,259,25,26,21,22,62,12,13,19,20,23,24,5717,17,18,29,30,31,63,64,65],"class_list":{"0":"post-14120","1":"post","2":"type-post","3":"status-publish","4":"format-standard","5":"has-post-thumbnail","7":"category-mundo","8":"tag-breaking-news","9":"tag-breakingnews","10":"tag-faixa","11":"tag-featured-news","12":"tag-featurednews","13":"tag-hamas-israel","14":"tag-headlines","15":"tag-israel","16":"tag-latest-news","17":"tag-latestnews","18":"tag-main-news","19":"tag-mainnews","20":"tag-mundo","21":"tag-news","22":"tag-noticias","23":"tag-noticias-principais","24":"tag-noticiasprincipais","25":"tag-principais-noticias","26":"tag-principaisnoticias","27":"tag-rom-breslevski-evyatar","28":"tag-top-stories","29":"tag-topstories","30":"tag-ultimas","31":"tag-ultimas-noticias","32":"tag-ultimasnoticias","33":"tag-world","34":"tag-world-news","35":"tag-worldnews"},"share_on_mastodon":{"url":"","error":""},"_links":{"self":[{"href":"https:\/\/www.europesays.com\/pt\/wp-json\/wp\/v2\/posts\/14120","targetHints":{"allow":["GET"]}}],"collection":[{"href":"https:\/\/www.europesays.com\/pt\/wp-json\/wp\/v2\/posts"}],"about":[{"href":"https:\/\/www.europesays.com\/pt\/wp-json\/wp\/v2\/types\/post"}],"author":[{"embeddable":true,"href":"https:\/\/www.europesays.com\/pt\/wp-json\/wp\/v2\/users\/2"}],"replies":[{"embeddable":true,"href":"https:\/\/www.europesays.com\/pt\/wp-json\/wp\/v2\/comments?post=14120"}],"version-history":[{"count":0,"href":"https:\/\/www.europesays.com\/pt\/wp-json\/wp\/v2\/posts\/14120\/revisions"}],"wp:featuredmedia":[{"embeddable":true,"href":"https:\/\/www.europesays.com\/pt\/wp-json\/wp\/v2\/media\/14121"}],"wp:attachment":[{"href":"https:\/\/www.europesays.com\/pt\/wp-json\/wp\/v2\/media?parent=14120"}],"wp:term":[{"taxonomy":"category","embeddable":true,"href":"https:\/\/www.europesays.com\/pt\/wp-json\/wp\/v2\/categories?post=14120"},{"taxonomy":"post_tag","embeddable":true,"href":"https:\/\/www.europesays.com\/pt\/wp-json\/wp\/v2\/tags?post=14120"}],"curies":[{"name":"wp","href":"https:\/\/api.w.org\/{rel}","templated":true}]}}