{"id":141202,"date":"2025-11-06T01:36:11","date_gmt":"2025-11-06T01:36:11","guid":{"rendered":"https:\/\/www.europesays.com\/pt\/141202\/"},"modified":"2025-11-06T01:36:11","modified_gmt":"2025-11-06T01:36:11","slug":"youth-league-fc-porto-volta-a-golear-e-ja-conhece-proximo-adversario","status":"publish","type":"post","link":"https:\/\/www.europesays.com\/pt\/141202\/","title":{"rendered":"Youth League: FC Porto volta a golear e j\u00e1 conhece pr\u00f3ximo advers\u00e1rio"},"content":{"rendered":"<p>Numa tarde chuvosa em Vila Nova de Gaia, os juniores do FC Porto venceram os eslovenos do NK Bravo por 4-1. O duelo pertenceu \u00e0 segunda eliminat\u00f3ria do Caminho dos Campe\u00f5es da Youth League.<\/p>\n<p>Ap\u00f3s uma goleada na Eslov\u00e9nia (4-0) e nova vit\u00f3ria em casa, o FC Porto assegura a passagem para a terceira eliminat\u00f3ria no Est\u00e1dio Dr. Jorge Sampaio, em Vila Nova de Gaia. Vai enfrentar o Betis, que eliminou o Basileia.<\/p>\n<p><a href=\"https:\/\/maisfutebol.iol.pt\/jogo\/portou\/bravou\/13830965\" rel=\"nofollow noopener\" target=\"_blank\"><strong>RECORDE AQUI O FILME DO JOGO.<\/strong><\/a><\/p>\n<p>A primeira parte foi repartida no que toca a posse de bola, mas o FC Porto disp\u00f4s das melhores chances de golo. Tanto que lan\u00e7ou-se para a frente do marcador logo aos cinco minutos de jogo.<\/p>\n<p>O guarda-redes dos eslovenos cometeu falta sobre Andr\u00e9 Miranda e o m\u00e9dio Tiago Silva converteu o castigo m\u00e1ximo com sucesso. No entanto, os eslovenos, mesmo com uma desvantagem de cinco golos no agregado, reagiram bem.<\/p>\n<p>Liderados pelo capit\u00e3o Kopatin, um dos mais esclarecidos, ganharam metros no terreno de jogo e chegaram ao golo aos 11 minutos. O avan\u00e7ado reagiu rapidamente a uma bola no poste e cabeceou para dentro.<\/p>\n<p>A fechar a primeira parte, j\u00e1 nos descontos, o FC Porto chegou ao 2-1 com um cabeceamento de Eduardo Ferreira, ap\u00f3s cruzamento certeiro do lateral Rafael Magalh\u00e3es.<\/p>\n<p>J\u00e1 na segunda metade, o extremo Andr\u00e9 Miranda aproveitou algum espa\u00e7o para assinar um gola\u00e7o &#8216;\u00e0 William Gomes&#8217;. Cortou para dentro, rematou forte de p\u00e9 esquerdo e celebrou o 3-1.<\/p>\n<p>Com o jogo na m\u00e3o, os portistas fizeram o quarto por interm\u00e9dio de Eduardo Ferreira, assinado assim um bis. Finaliza\u00e7\u00e3o f\u00e1cil ap\u00f3s uma grande recupera\u00e7\u00e3o de bola de Tiago Silva.<\/p>\n<p>Em Sevilha, o Betis venceu o basileia por 2-0 e fez uma reviravolta no agregado (4-3). Assim, os andalusos marcam duelo com o FC Porto na pr\u00f3xima fase.<\/p>\n","protected":false},"excerpt":{"rendered":"Numa tarde chuvosa em Vila Nova de Gaia, os juniores do FC Porto venceram os eslovenos do NK&hellip;\n","protected":false},"author":2,"featured_media":141203,"comment_status":"","ping_status":"","sticky":false,"template":"","format":"standard","meta":{"footnotes":""},"categories":[87],"tags":[20113,31317,135,1050,282,6878,5433,46,462,32,33,47,5434,5920,134,15787,23262],"class_list":{"0":"post-141202","1":"post","2":"type-post","3":"status-publish","4":"format-standard","5":"has-post-thumbnail","7":"category-desporto","8":"tag-andre-miranda","9":"tag-bravo","10":"tag-desporto","11":"tag-eduardo-ferreira","12":"tag-fc-porto","13":"tag-futebol-clube-do-porto","14":"tag-jogos-hoje","15":"tag-maisfutebol","16":"tag-porto","17":"tag-portugal","18":"tag-pt","19":"tag-pura-paixao","20":"tag-resultados-hoje","21":"tag-resultados-maisfutebol","22":"tag-sports","23":"tag-tiago-silva","24":"tag-youth-league"},"share_on_mastodon":{"url":"https:\/\/pubeurope.com\/@pt\/115500193239115116","error":""},"_links":{"self":[{"href":"https:\/\/www.europesays.com\/pt\/wp-json\/wp\/v2\/posts\/141202","targetHints":{"allow":["GET"]}}],"collection":[{"href":"https:\/\/www.europesays.com\/pt\/wp-json\/wp\/v2\/posts"}],"about":[{"href":"https:\/\/www.europesays.com\/pt\/wp-json\/wp\/v2\/types\/post"}],"author":[{"embeddable":true,"href":"https:\/\/www.europesays.com\/pt\/wp-json\/wp\/v2\/users\/2"}],"replies":[{"embeddable":true,"href":"https:\/\/www.europesays.com\/pt\/wp-json\/wp\/v2\/comments?post=141202"}],"version-history":[{"count":0,"href":"https:\/\/www.europesays.com\/pt\/wp-json\/wp\/v2\/posts\/141202\/revisions"}],"wp:featuredmedia":[{"embeddable":true,"href":"https:\/\/www.europesays.com\/pt\/wp-json\/wp\/v2\/media\/141203"}],"wp:attachment":[{"href":"https:\/\/www.europesays.com\/pt\/wp-json\/wp\/v2\/media?parent=141202"}],"wp:term":[{"taxonomy":"category","embeddable":true,"href":"https:\/\/www.europesays.com\/pt\/wp-json\/wp\/v2\/categories?post=141202"},{"taxonomy":"post_tag","embeddable":true,"href":"https:\/\/www.europesays.com\/pt\/wp-json\/wp\/v2\/tags?post=141202"}],"curies":[{"name":"wp","href":"https:\/\/api.w.org\/{rel}","templated":true}]}}