{"id":141210,"date":"2025-11-06T01:42:12","date_gmt":"2025-11-06T01:42:12","guid":{"rendered":"https:\/\/www.europesays.com\/pt\/141210\/"},"modified":"2025-11-06T01:42:12","modified_gmt":"2025-11-06T01:42:12","slug":"protecao-civil-regista-mais-de-mil-de-ocorrencias-ate-as-18-horas","status":"publish","type":"post","link":"https:\/\/www.europesays.com\/pt\/141210\/","title":{"rendered":"Prote\u00e7\u00e3o Civil regista mais de mil de ocorr\u00eancias at\u00e9 \u00e0s 18 horas"},"content":{"rendered":"<p>&#13;<br \/>\nSegundo o oficial de opera\u00e7\u00f5es do comando nacional de emerg\u00eancia e prote\u00e7\u00e3o civil, entre as 00:00 e as 18:00 registaram-se &#8220;1.069 ocorr\u00eancias e estiveram envolvidos 3.990 operacionais e 1.400 meios terrestres&#8221;.&#13;\n<\/p>\n<p>&#13;<br \/>\nEm rela\u00e7\u00e3o \u00e0s \u00e1reas mais afetadas, a ANEPC contabilizou &#8220;533 ocorr\u00eancias em Lisboa e Vale do Tejo, 259 na regi\u00e3o centro, 196 na regi\u00e3o norte, 77 no Alentejo e quatro no Algarve&#8221;.&#13;<\/p>\n","protected":false},"excerpt":{"rendered":"&#13; Segundo o oficial de opera\u00e7\u00f5es do comando nacional de emerg\u00eancia e prote\u00e7\u00e3o civil, entre as 00:00 e&hellip;\n","protected":false},"author":2,"featured_media":141211,"comment_status":"","ping_status":"","sticky":false,"template":"","format":"standard","meta":{"footnotes":""},"categories":[10],"tags":[29222,27,28,15,16,14,25,26,21,22,30028,12,13,19,20,32,23,24,6821,33,17,18,29,30,31],"class_list":{"0":"post-141210","1":"post","2":"type-post","3":"status-publish","4":"format-standard","5":"has-post-thumbnail","7":"category-portugal","8":"tag-anepc","9":"tag-breaking-news","10":"tag-breakingnews","11":"tag-featured-news","12":"tag-featurednews","13":"tag-headlines","14":"tag-latest-news","15":"tag-latestnews","16":"tag-main-news","17":"tag-mainnews","18":"tag-mau","19":"tag-news","20":"tag-noticias","21":"tag-noticias-principais","22":"tag-noticiasprincipais","23":"tag-portugal","24":"tag-principais-noticias","25":"tag-principaisnoticias","26":"tag-protecao","27":"tag-pt","28":"tag-top-stories","29":"tag-topstories","30":"tag-ultimas","31":"tag-ultimas-noticias","32":"tag-ultimasnoticias"},"share_on_mastodon":{"url":"https:\/\/pubeurope.com\/@pt\/115500216687456935","error":""},"_links":{"self":[{"href":"https:\/\/www.europesays.com\/pt\/wp-json\/wp\/v2\/posts\/141210","targetHints":{"allow":["GET"]}}],"collection":[{"href":"https:\/\/www.europesays.com\/pt\/wp-json\/wp\/v2\/posts"}],"about":[{"href":"https:\/\/www.europesays.com\/pt\/wp-json\/wp\/v2\/types\/post"}],"author":[{"embeddable":true,"href":"https:\/\/www.europesays.com\/pt\/wp-json\/wp\/v2\/users\/2"}],"replies":[{"embeddable":true,"href":"https:\/\/www.europesays.com\/pt\/wp-json\/wp\/v2\/comments?post=141210"}],"version-history":[{"count":0,"href":"https:\/\/www.europesays.com\/pt\/wp-json\/wp\/v2\/posts\/141210\/revisions"}],"wp:featuredmedia":[{"embeddable":true,"href":"https:\/\/www.europesays.com\/pt\/wp-json\/wp\/v2\/media\/141211"}],"wp:attachment":[{"href":"https:\/\/www.europesays.com\/pt\/wp-json\/wp\/v2\/media?parent=141210"}],"wp:term":[{"taxonomy":"category","embeddable":true,"href":"https:\/\/www.europesays.com\/pt\/wp-json\/wp\/v2\/categories?post=141210"},{"taxonomy":"post_tag","embeddable":true,"href":"https:\/\/www.europesays.com\/pt\/wp-json\/wp\/v2\/tags?post=141210"}],"curies":[{"name":"wp","href":"https:\/\/api.w.org\/{rel}","templated":true}]}}