{"id":141216,"date":"2025-11-06T01:50:21","date_gmt":"2025-11-06T01:50:21","guid":{"rendered":"https:\/\/www.europesays.com\/pt\/141216\/"},"modified":"2025-11-06T01:50:21","modified_gmt":"2025-11-06T01:50:21","slug":"andre-villas-boas-sporting-tem-o-presidente-do-benfica-no-bolso-ha-muito-tempo-futebol","status":"publish","type":"post","link":"https:\/\/www.europesays.com\/pt\/141216\/","title":{"rendered":"Andr\u00e9 Villas-Boas: \u201cSporting tem o presidente do Benfica no bolso h\u00e1 muito tempo\u201d | Futebol"},"content":{"rendered":"<p>Foi antes de o FC Porto levantar voo para os Pa\u00edses Baixos, esta quarta-feira, que o presidente portista reagiu \u00e0 pol\u00e9mica com F\u00e1bio Ver\u00edssimo. Andr\u00e9 Villas-Boas diz ter registado &#8220;a ironia e hipocrisia&#8221; do Benfica, primeiro clube a criticar os &#8220;azuis e brancos&#8221; publicamente, relembrando os incidentes na Luz e casos judiciais do clube. Atribuindo as duras cr\u00edticas do clube liderado por Rui Costa \u00e0 necessidade de mostrar servi\u00e7o durante o per\u00edodo eleitoral, Villas-Boas foi mais longe e acusou o hom\u00f3logo benfiquista de &#8220;estar no bolso&#8221; de Frederico Varandas, presidente do Sporting.<\/p>\n<p>&#8220;Compreendo que o Benfica esteja em campanha eleitoral e que os dois candidatos se queiram digladiar insultando o FC Porto. Recomendo aos dois [Rui Costa e Noronha Lopes] que se preocupem um pouco mais com o seu rival da Segunda Circular, porque h\u00e1 muito tempo que o Sporting tem o presidente do Benfica no bolso. Acho que \u00e9 com isso com que se devem preocupar e n\u00e3o com <a href=\"https:\/\/www.publico.pt\/2025\/11\/04\/desporto\/noticia\/fc-porto-contraataca-acusa-fabio-verissimo-ameacar-dirigentes-clube-2153334\" rel=\"nofollow noopener\" target=\"_blank\">o FC Porto<\/a>&#8220;, disparou Andr\u00e9 Villas-Boas, no Aeroporto Francisco S\u00e3o Carneiro, na tarde desta quarta-feira.<\/p>\n<p>O l\u00edder portista, contudo, anunciou a disposi\u00e7\u00e3o dos &#8220;drag\u00f5es&#8221; de &#8220;ajudar os \u00f3rg\u00e3os competentes na sua avalia\u00e7\u00e3o&#8221; revelando que &#8220;o FC Porto far\u00e1 tamb\u00e9m a sua averigua\u00e7\u00e3o interna relativamente aos factos e tomar\u00e1 as devidas consequ\u00eancias&#8221;.Em causa est\u00e1 o relat\u00f3rio do \u00e1rbitro F\u00e1bio Ver\u00edssimo do jogo entre FC Porto e Sp. Braga. No intervalo da partida do passado domingo, jogo que os &#8220;drag\u00f5es&#8221; venceram por 2-1, ter\u00e3o sido colocados televisores no balne\u00e1rio dos \u00e1rbitros com os lances pol\u00e9micos da primeira parte em loop. O \u00e1rbitro diz ainda que a televis\u00e3o n\u00e3o podia ser desligada.<\/p>\n<p>Al\u00e9m das imagens do golo anulado a Victor Froholdt no Drag\u00e3o, os televisores descritos por F\u00e1bio Ver\u00edssimo tamb\u00e9m ter\u00e3o mostrado um golo marcado em 2024 pelo Benfica na final do Torneio da Pontinha. Nesse jogo frente ao <a href=\"https:\/\/www.publico.pt\/fc-porto\" rel=\"nofollow noopener\" target=\"_blank\">FC Porto<\/a>, a contar para o campeonato do escal\u00e3o sub-13, as &#8220;\u00e1guias&#8221; marcaram um golo semelhante ao anulado por Ver\u00edssimo ao jogador dinamarqu\u00eas, Isto serviria para mostrar uma suposta dualidade de crit\u00e9rios prejudicial aos portistas, visto que os dois golos envolviam contacto com o guarda-redes dentro da pequena \u00e1rea.<\/p>\n<p>Ap\u00f3s ser conhecido publicamente o conte\u00fado do relat\u00f3rio do \u00e1rbitro, Benfica, Sporting e Sp. Braga juntaram-se nas cr\u00edticas ao clube portuense. As &#8220;\u00e1guias&#8221; pediam que as entidades do futebol portugu\u00eas actuem com urg\u00eancia no apuramento dos factos, exigindo uma actua\u00e7\u00e3o exemplar.<\/p>\n<p>O Sporting <a href=\"https:\/\/www.publico.pt\/2025\/11\/04\/desporto\/noticia\/sporting-juntase-benfica-acusa-fc-porto-tentar-condicionar-arbitro-fabio-verissimo-2153282\" rel=\"nofollow noopener\" target=\"_blank\">juntou-se ao rival<\/a>, chegando mesmo a dizer que o FC Porto deveria ser punido com san\u00e7\u00e3o de desclassifica\u00e7\u00e3o ou derrota. Tamb\u00e9m o Sp. Braga, advers\u00e1rio do FC Porto no jogo, pediu o apuramento de responsabilidades.<\/p>\n<p>J\u00e1 os portistas reagiram ao ataque. Elencando v\u00e1rios lances em que os rivais ter\u00e3o sido beneficiados, os &#8220;azuis e brancos&#8221; consideram existir &#8220;graves problemas&#8221; na arbitragem, denunciando tentativas de branqueamento de lances que prejudicam o FC Porto. A expuls\u00e3o de membros do banco no jogo frente ao Sp. Braga foi, na opini\u00e3o dos &#8220;drag\u00f5es&#8221;, uma vingan\u00e7a do \u00e1rbitro.<\/p>\n<p>&#8220;Na perspectiva do FC Porto, persistem graves problemas na <a href=\"https:\/\/www.publico.pt\/2025\/11\/04\/desporto\/noticia\/sporting-juntase-benfica-acusa-fc-porto-tentar-condicionar-arbitro-fabio-verissimo-2153282\" rel=\"nofollow noopener\" target=\"_blank\">arbitragem <\/a>em Portugal, como a dualidade de crit\u00e9rios, a falta de uniformiza\u00e7\u00e3o nas decis\u00f5es e o condicionamento permanente das arbitragens antes e depois dos jogos por intervenientes directos e indirectos (alguns alegadamente ligados a sociedades desportivas)&#8221;, escrevem os portistas em comunicado divulgado na tarde desta ter\u00e7a-feira.<\/p>\n<p>O FC Porto defronta o Utrecht esta quinta-feira, em jogo a contar para a Liga Europa. Com tr\u00eas jornadas j\u00e1 disputadas, os portistas somam duas vit\u00f3rias e uma derrota. O jogo tem in\u00edcio marcado para as 17h45.<\/p>\n","protected":false},"excerpt":{"rendered":"Foi antes de o FC Porto levantar voo para os Pa\u00edses Baixos, esta quarta-feira, que o presidente portista&hellip;\n","protected":false},"author":2,"featured_media":141217,"comment_status":"","ping_status":"","sticky":false,"template":"","format":"standard","meta":{"footnotes":""},"categories":[87],"tags":[135,282,524,280,32,33,3099,134],"class_list":{"0":"post-141216","1":"post","2":"type-post","3":"status-publish","4":"format-standard","5":"has-post-thumbnail","7":"category-desporto","8":"tag-desporto","9":"tag-fc-porto","10":"tag-futebol","11":"tag-futebol-nacional","12":"tag-portugal","13":"tag-pt","14":"tag-sl-benfica","15":"tag-sports"},"share_on_mastodon":{"url":"https:\/\/pubeurope.com\/@pt\/115500248199245857","error":""},"_links":{"self":[{"href":"https:\/\/www.europesays.com\/pt\/wp-json\/wp\/v2\/posts\/141216","targetHints":{"allow":["GET"]}}],"collection":[{"href":"https:\/\/www.europesays.com\/pt\/wp-json\/wp\/v2\/posts"}],"about":[{"href":"https:\/\/www.europesays.com\/pt\/wp-json\/wp\/v2\/types\/post"}],"author":[{"embeddable":true,"href":"https:\/\/www.europesays.com\/pt\/wp-json\/wp\/v2\/users\/2"}],"replies":[{"embeddable":true,"href":"https:\/\/www.europesays.com\/pt\/wp-json\/wp\/v2\/comments?post=141216"}],"version-history":[{"count":0,"href":"https:\/\/www.europesays.com\/pt\/wp-json\/wp\/v2\/posts\/141216\/revisions"}],"wp:featuredmedia":[{"embeddable":true,"href":"https:\/\/www.europesays.com\/pt\/wp-json\/wp\/v2\/media\/141217"}],"wp:attachment":[{"href":"https:\/\/www.europesays.com\/pt\/wp-json\/wp\/v2\/media?parent=141216"}],"wp:term":[{"taxonomy":"category","embeddable":true,"href":"https:\/\/www.europesays.com\/pt\/wp-json\/wp\/v2\/categories?post=141216"},{"taxonomy":"post_tag","embeddable":true,"href":"https:\/\/www.europesays.com\/pt\/wp-json\/wp\/v2\/tags?post=141216"}],"curies":[{"name":"wp","href":"https:\/\/api.w.org\/{rel}","templated":true}]}}