{"id":141227,"date":"2025-11-06T02:01:10","date_gmt":"2025-11-06T02:01:10","guid":{"rendered":"https:\/\/www.europesays.com\/pt\/141227\/"},"modified":"2025-11-06T02:01:10","modified_gmt":"2025-11-06T02:01:10","slug":"lidia-le-as-cartas-para-a-relacao-de-liliana-e-fabio-e-faz-uma-previsao-polemica-tvi","status":"publish","type":"post","link":"https:\/\/www.europesays.com\/pt\/141227\/","title":{"rendered":"L\u00eddia l\u00ea as cartas para a rela\u00e7\u00e3o de Liliana e F\u00e1bio. E faz uma previs\u00e3o pol\u00e9mica &#8211; TVI"},"content":{"rendered":"<ol>\n<li><a href=\"https:\/\/news.google.com\/rss\/articles\/CBMi1gFBVV95cUxPOHJKOGtCQTVWVGVaVkhSMWpldXF5bEhocHNUaVpqYkFDSC11WUZVRUg5Y3gta2NrLWEtbU1lNUlodWZGN1UtdU5tRTBNWHRjWnVaZVNPb25FVmI1OEluMy1YbkNBb1psRGZEN0t6NWllQnkxTnJROC11TlJBdmotQ0EybHZKSUkzdW1scVdMX1BzZlZrMU0zejRVV2JZRm5WTHpBcHgtX1JiYVhEU3dXTHV4dmtoT25qRExYUGQ1cHVKbHlJZU83QUpWUGo4Sks2bE9YaTN3?oc=5\" target=\"_blank\" rel=\"nofollow noopener\">L\u00eddia l\u00ea as cartas para a rela\u00e7\u00e3o de Liliana e F\u00e1bio. E faz uma previs\u00e3o pol\u00e9mica<\/a>&nbsp;&nbsp;TVI<\/li>\n<li><a href=\"https:\/\/news.google.com\/rss\/articles\/CBMiuAFBVV95cUxOdTdLc3BUTDNiRVZpQXBGN3NqWGJsM2o4Y25mcHF0elJ4RnlXdmlHTndzZUt2OEwtR2JjdDlZeFc2SUxEVFVkWkFyRWhVN2o2NDFEMkxBSHJsVGd6T0c2NmhSTjlNTzhHc0E5TGRCMTRRYnl2N0FkZzNrYm9UTGFLUzRkUXBLRGNrZ3ZhcktpdHBzVm1fLTNiaWprdUFNUmxyYUtTa1JVMFpYekxKZ1hQQXhhM2MtUS1y?oc=5\" target=\"_blank\" rel=\"nofollow noopener\">Cristina Ferreira questiona tar\u00f3loga sobre &#8220;a final&#8221; do &#8216;Secret Story 9&#8217;: &#8220;Talvez num s\u00edtio diferente&#8230;&#8221;<\/a>&nbsp;&nbsp;Hiper Fm<\/li>\n<li><a href=\"https:\/\/news.google.com\/rss\/articles\/CBMi3wFBVV95cUxNQk9hQzNaeWQtd0ZqMjB0ZGt6NWFvOE5mV3RNeHB5QVlFNG15clV5OUlIU21aMWk5b185UEZGbDBVZW1tVXZhM0hpTUNDOHg0WDZPaERRQVpuclMtQU9DTkwzcngzc1V6TGo0dWJra2UtYkloQ0RwMlNUY1hmaktHOURQU1J6YzUyY0V1ZUxFWlVNWk1sVzRNVlVNT3RjTHdhV3BBN2M4eklSRkxtU0k3RGNDcXREX1dIc0JkVi1iNlQxYmh1YU5PTjMwWUtWbS1jQ0R2ZzY1SkNkYTJ0eVZv?oc=5\" target=\"_blank\" rel=\"nofollow noopener\">Casa dos Segredos: Liliana e F\u00e1bio v\u00e3o continuar a namorar fora da casa\u2026 mas Z\u00e9 volta para \u201cassombrar\u201d<\/a>&nbsp;&nbsp;SAPO<\/li>\n<li><a href=\"https:\/\/news.google.com\/rss\/articles\/CBMi1gFBVV95cUxNZjVpQTQ0ejl4elJPV0JaLTVBNnVuWGJHQ1lPUlNFNmhHU0tCZGVRQWRqcE8tTXQ1VDFiR29ZRjFjczlQc2ktZlVXaTJFZ0NpODRqVkxXdWlEc01BUGIzU3g1d01Nc1Q2VHVYZHpUYkRpaldtS2lWSmZlZm9rSmJ4N0Z0VG9LUEJfVkdIX2dmTHRaeGl6QnQ4MnJ0X2ZNdXpMZGM5eU9CTV9acXZHWE1hYmoyWGRyUjhkSVZaZERWUERQRnM1S1dzMjNBQjVRUFNHRE1pdXln?oc=5\" target=\"_blank\" rel=\"nofollow noopener\">Casa dos Segredos L\u00eddia lan\u00e7a as cartas e faz revela\u00e7\u00e3o bomb\u00e1stica sobre F\u00e1bio e Liliana: \u201cO passado\u2026\u201d<\/a>&nbsp;&nbsp;Portal Impala<\/li>\n<li><a href=\"https:\/\/news.google.com\/rss\/articles\/CBMiiwJBVV95cUxOTVpESWRRVmlXNTN1aXlyTzFyWHZieHZlR3hiZFdnQVFCeU1TQWNJeG9YdDNSX1FCbTlCYy16b0xiTmtkS0lPSlFkcXo0a2ZVb1lXSEtYTzY1eUE1MENNcGJzejhWNTduS2VVS0RXVDUyMlgwbDBYUFdGQnRod0R5Qkg2V0c4Sm9sR2I2OTkyUWQyNHFTbEx0RjdPcENkeExNN05fOFZrVXFXTEwybmdYelRqeHdFX3pocGhfY19hbFN1Zmt0MzNZVy03ay1PLXhrNjBiSU9CZ1Z0dlR6X2dMOHpaNndoelB6RGdoSWNwRUY3QndIYkNSbm9iaTdKTGVBWnRrX1Q0ZEMxdms?oc=5\" target=\"_blank\" rel=\"nofollow noopener\">Previs\u00e3o do tarot para rela\u00e7\u00e3o de Liliana e F\u00e1bio revela algo surpreendente&#8230; relacionado com o ex-noivo!<\/a>&nbsp;&nbsp;SELFIE<\/li>\n<\/ol>\n","protected":false},"excerpt":{"rendered":"L\u00eddia l\u00ea as cartas para a rela\u00e7\u00e3o de Liliana e F\u00e1bio. E faz uma previs\u00e3o pol\u00e9mica&nbsp;&nbsp;TVI Cristina Ferreira&hellip;\n","protected":false},"author":2,"featured_media":141228,"comment_status":"","ping_status":"","sticky":false,"template":"","format":"standard","meta":{"footnotes":""},"categories":[142],"tags":[329,166,3412,3406,3409,801,3410,3411,3407,3408,114,115,19044,3413,338,32,33,1315,151,162],"class_list":{"0":"post-141227","1":"post","2":"type-post","3":"status-publish","4":"format-standard","5":"has-post-thumbnail","7":"category-tv","8":"tag-claudio-ramos","9":"tag-cristina-ferreira","10":"tag-dois-10","11":"tag-dois-a-s-10-dois-a-s-10","12":"tag-dois-a-s-dez","13":"tag-dois-as-10","14":"tag-dois-as-dez","15":"tag-dois-dez","16":"tag-doisas10","17":"tag-doisasdez","18":"tag-entertainment","19":"tag-entretenimento","20":"tag-lidia","21":"tag-manha-tvi","22":"tag-maria-botelho-moniz","23":"tag-portugal","24":"tag-pt","25":"tag-secret-story","26":"tag-tv","27":"tag-tvi"},"share_on_mastodon":{"url":"https:\/\/pubeurope.com\/@pt\/115500291390425092","error":""},"_links":{"self":[{"href":"https:\/\/www.europesays.com\/pt\/wp-json\/wp\/v2\/posts\/141227","targetHints":{"allow":["GET"]}}],"collection":[{"href":"https:\/\/www.europesays.com\/pt\/wp-json\/wp\/v2\/posts"}],"about":[{"href":"https:\/\/www.europesays.com\/pt\/wp-json\/wp\/v2\/types\/post"}],"author":[{"embeddable":true,"href":"https:\/\/www.europesays.com\/pt\/wp-json\/wp\/v2\/users\/2"}],"replies":[{"embeddable":true,"href":"https:\/\/www.europesays.com\/pt\/wp-json\/wp\/v2\/comments?post=141227"}],"version-history":[{"count":0,"href":"https:\/\/www.europesays.com\/pt\/wp-json\/wp\/v2\/posts\/141227\/revisions"}],"wp:featuredmedia":[{"embeddable":true,"href":"https:\/\/www.europesays.com\/pt\/wp-json\/wp\/v2\/media\/141228"}],"wp:attachment":[{"href":"https:\/\/www.europesays.com\/pt\/wp-json\/wp\/v2\/media?parent=141227"}],"wp:term":[{"taxonomy":"category","embeddable":true,"href":"https:\/\/www.europesays.com\/pt\/wp-json\/wp\/v2\/categories?post=141227"},{"taxonomy":"post_tag","embeddable":true,"href":"https:\/\/www.europesays.com\/pt\/wp-json\/wp\/v2\/tags?post=141227"}],"curies":[{"name":"wp","href":"https:\/\/api.w.org\/{rel}","templated":true}]}}