{"id":141229,"date":"2025-11-06T02:04:10","date_gmt":"2025-11-06T02:04:10","guid":{"rendered":"https:\/\/www.europesays.com\/pt\/141229\/"},"modified":"2025-11-06T02:04:10","modified_gmt":"2025-11-06T02:04:10","slug":"fc-porto-tomas-perez-e-mais-23-entre-os-eleitos-de-francesco-farioli","status":"publish","type":"post","link":"https:\/\/www.europesays.com\/pt\/141229\/","title":{"rendered":"FC Porto: Tom\u00e1s P\u00e9rez e mais 23 entre os eleitos de Francesco Farioli"},"content":{"rendered":"<p style=\"margin-bottom:11px\">Francesco Farioli convocou 24 jogadores para o duelo com o FC Utrecht, nos Pa\u00edses Baixos, relativo \u00e0 4.\u00aa jornada da Liga Europa que est\u00e1 marcado para as 17h45 desta quinta-feira.<\/p>\n<p>Tom\u00e1s Perez \u00e9 a grande novidade neste grupo que n\u00e3o conta com Yann Karamoh, que n\u00e3o est\u00e1 inscrito na UEFA, al\u00e9m dos lesionados Nehu\u00e9n P\u00e9rez e Luuk de Jong.<\/p>\n<p><strong>Lista de convocados<\/strong><\/p>\n<p><strong>Guarda-redes:<\/strong> Diogo Costa, Cl\u00e1udio Ramos e Jo\u00e3o Costa;<\/p>\n<p><strong>Defesas:<\/strong> Francisco Moura, Zaidu, Jan Bednarek, Dominik Prpi\u0107, Jakub Kiwior, Alberto Costa, Martim Fernandes e Pedro Lima;<\/p>\n<p><strong>M\u00e9dios:<\/strong> Alan Varela, Pablo Rosario, Tom\u00e1s P\u00e9rez, Eust\u00e1quio, Victor Froholdt e Gabri Veiga;<\/p>\n<p><strong>Avan\u00e7ados:<\/strong> Rodrigo Mora, William Gomes, \u00c1ngel Alarc\u00f3n, Borja Sainz, Pep\u00ea, Deniz G\u00fcl e Samu.<\/p>\n","protected":false},"excerpt":{"rendered":"Francesco Farioli convocou 24 jogadores para o duelo com o FC Utrecht, nos Pa\u00edses Baixos, relativo \u00e0 4.\u00aa&hellip;\n","protected":false},"author":2,"featured_media":141230,"comment_status":"","ping_status":"","sticky":false,"template":"","format":"standard","meta":{"footnotes":""},"categories":[87],"tags":[25504,135,282,137,46,32,33,47,134,16186,12641],"class_list":{"0":"post-141229","1":"post","2":"type-post","3":"status-publish","4":"format-standard","5":"has-post-thumbnail","7":"category-desporto","8":"tag-convocados","9":"tag-desporto","10":"tag-fc-porto","11":"tag-liga-europa","12":"tag-maisfutebol","13":"tag-portugal","14":"tag-pt","15":"tag-pura-paixao","16":"tag-sports","17":"tag-tomas-perez","18":"tag-utrecht"},"share_on_mastodon":{"url":"https:\/\/pubeurope.com\/@pt\/115500303266096764","error":""},"_links":{"self":[{"href":"https:\/\/www.europesays.com\/pt\/wp-json\/wp\/v2\/posts\/141229","targetHints":{"allow":["GET"]}}],"collection":[{"href":"https:\/\/www.europesays.com\/pt\/wp-json\/wp\/v2\/posts"}],"about":[{"href":"https:\/\/www.europesays.com\/pt\/wp-json\/wp\/v2\/types\/post"}],"author":[{"embeddable":true,"href":"https:\/\/www.europesays.com\/pt\/wp-json\/wp\/v2\/users\/2"}],"replies":[{"embeddable":true,"href":"https:\/\/www.europesays.com\/pt\/wp-json\/wp\/v2\/comments?post=141229"}],"version-history":[{"count":0,"href":"https:\/\/www.europesays.com\/pt\/wp-json\/wp\/v2\/posts\/141229\/revisions"}],"wp:featuredmedia":[{"embeddable":true,"href":"https:\/\/www.europesays.com\/pt\/wp-json\/wp\/v2\/media\/141230"}],"wp:attachment":[{"href":"https:\/\/www.europesays.com\/pt\/wp-json\/wp\/v2\/media?parent=141229"}],"wp:term":[{"taxonomy":"category","embeddable":true,"href":"https:\/\/www.europesays.com\/pt\/wp-json\/wp\/v2\/categories?post=141229"},{"taxonomy":"post_tag","embeddable":true,"href":"https:\/\/www.europesays.com\/pt\/wp-json\/wp\/v2\/tags?post=141229"}],"curies":[{"name":"wp","href":"https:\/\/api.w.org\/{rel}","templated":true}]}}