{"id":141235,"date":"2025-11-06T02:12:07","date_gmt":"2025-11-06T02:12:07","guid":{"rendered":"https:\/\/www.europesays.com\/pt\/141235\/"},"modified":"2025-11-06T02:12:07","modified_gmt":"2025-11-06T02:12:07","slug":"ex-atriz-da-globo-explica-choro-por-falta-de-trabalho-eu-estava-perdida","status":"publish","type":"post","link":"https:\/\/www.europesays.com\/pt\/141235\/","title":{"rendered":"Ex-atriz da Globo explica choro por falta de trabalho: &#8216;Eu estava perdida&#8217;"},"content":{"rendered":"\n<p>A atriz Mayara Magri, de 63 anos, comentou em recente entrevista sobre o rompante emocional que protagonizou durante participa\u00e7\u00e3o em um podcast. Na ocasi\u00e3o, ela havia desabafado sobre a falta de oportunidades de trabalho.<\/p>\n<p>Segundo a artista, que fez sucesso nos anos 1980, sua vida profissional passou por uma grande reviravolta ap\u00f3s a declara\u00e7\u00e3o. \u201cAs coisas foram acontecendo numa velocidade incr\u00edvel\u201d, disse ela em entrevista\u00a0ao jornal\u00a0O Globo.<\/p>\n<p>Mayara contou que o epis\u00f3dio ficou no passado e que o momento atual \u00e9 bem diferente: \u201cEst\u00e1 todo mundo falando: \u2018Ai, coitada dela\u2019. Ou: \u2018Nossa, ela est\u00e1 precisando de ajuda\u2019. Mas aquele tempo j\u00e1 passou. Eu dei a entrevista, acho que em junho ou julho. Foi uma \u00e9poca em que realmente eu estava perdida. A nossa carreira \u00e9 assim \u2014 muito dif\u00edcil, cheia de altos e baixos\u201d, afirmou a atriz, que recentemente participou do filme Entrela\u00e7ados, do cineasta Arthur Moric.<\/p>\n<p>Apesar de estar fora da televis\u00e3o, Mayara destacou que nunca deixou de trabalhar. \u201cQuando eu n\u00e3o fazia televis\u00e3o, estava no teatro. Eu me formei na Escola de Arte Dram\u00e1tica e fiz muito teatro. Dei um tempo agora porque senti que meu momento \u00e9 o cinema. Depois do curta, j\u00e1 estou come\u00e7ando a elaborar um novo projeto que, quem sabe, vira um longa.\u201d<\/p>\n<p>Na vida pessoal, a atriz tamb\u00e9m vive uma fase tranquila. Casada com o autor Lauro C\u00e9sar Muniz, de 87 anos, ela admitiu que, no in\u00edcio, n\u00e3o acreditava que o relacionamento daria certo por conta da diferen\u00e7a de idade.<\/p>\n<p>\u201cNos encontramos e estamos vivendo de uma forma que, para mim, est\u00e1 muito boa. Para ele tamb\u00e9m. Somos companheiros, conversamos sobre as mesmas coisas. Falamos sobre filmes, novelas\u2026 Nos damos muito bem. Ele, que morava no Rio de Janeiro, veio para minha casa em S\u00e3o Paulo e ficou. A\u00ed v\u00eam os filhos dele, fazemos reuni\u00f5es, almo\u00e7os&#8230; A fam\u00edlia dele \u00e9 toda de S\u00e3o Paulo. Ele tem uma irm\u00e3 e tr\u00eas filhos, sendo que dois moram aqui perto. Acho que essa proximidade dos filhos acalmou o cora\u00e7\u00e3o dele.\u201d<\/p>\n","protected":false},"excerpt":{"rendered":"A atriz Mayara Magri, de 63 anos, comentou em recente entrevista sobre o rompante emocional que protagonizou durante&hellip;\n","protected":false},"author":2,"featured_media":141236,"comment_status":"","ping_status":"","sticky":false,"template":"","format":"standard","meta":{"footnotes":""},"categories":[145],"tags":[31321,31322,813,8161,211,210,470,31320,114,31323,115,741,31325,981,471,31324,29285,9839,31318,803,32,33,31319,654,2387,849],"class_list":{"0":"post-141235","1":"post","2":"type-post","3":"status-publish","4":"format-standard","5":"has-post-thumbnail","7":"category-celebridades","8":"tag-anos-1980","9":"tag-arthur-moric","10":"tag-atriz","11":"tag-carreira","12":"tag-celebridades","13":"tag-celebrities","14":"tag-cinema","15":"tag-diferenca-de-idade","16":"tag-entertainment","17":"tag-entrelacados","18":"tag-entretenimento","19":"tag-entrevista","20":"tag-escola-de-arte-dramatica","21":"tag-familia","22":"tag-filme","23":"tag-lauro-cesar-muniz","24":"tag-mayara-magri","25":"tag-o-globo","26":"tag-oportunidades","27":"tag-podcast","28":"tag-portugal","29":"tag-pt","30":"tag-reviravolta","31":"tag-sao-paulo","32":"tag-teatro","33":"tag-trabalho"},"share_on_mastodon":{"url":"https:\/\/pubeurope.com\/@pt\/115500334631148912","error":""},"_links":{"self":[{"href":"https:\/\/www.europesays.com\/pt\/wp-json\/wp\/v2\/posts\/141235","targetHints":{"allow":["GET"]}}],"collection":[{"href":"https:\/\/www.europesays.com\/pt\/wp-json\/wp\/v2\/posts"}],"about":[{"href":"https:\/\/www.europesays.com\/pt\/wp-json\/wp\/v2\/types\/post"}],"author":[{"embeddable":true,"href":"https:\/\/www.europesays.com\/pt\/wp-json\/wp\/v2\/users\/2"}],"replies":[{"embeddable":true,"href":"https:\/\/www.europesays.com\/pt\/wp-json\/wp\/v2\/comments?post=141235"}],"version-history":[{"count":0,"href":"https:\/\/www.europesays.com\/pt\/wp-json\/wp\/v2\/posts\/141235\/revisions"}],"wp:featuredmedia":[{"embeddable":true,"href":"https:\/\/www.europesays.com\/pt\/wp-json\/wp\/v2\/media\/141236"}],"wp:attachment":[{"href":"https:\/\/www.europesays.com\/pt\/wp-json\/wp\/v2\/media?parent=141235"}],"wp:term":[{"taxonomy":"category","embeddable":true,"href":"https:\/\/www.europesays.com\/pt\/wp-json\/wp\/v2\/categories?post=141235"},{"taxonomy":"post_tag","embeddable":true,"href":"https:\/\/www.europesays.com\/pt\/wp-json\/wp\/v2\/tags?post=141235"}],"curies":[{"name":"wp","href":"https:\/\/api.w.org\/{rel}","templated":true}]}}