{"id":141249,"date":"2025-11-06T02:43:08","date_gmt":"2025-11-06T02:43:08","guid":{"rendered":"https:\/\/www.europesays.com\/pt\/141249\/"},"modified":"2025-11-06T02:43:08","modified_gmt":"2025-11-06T02:43:08","slug":"por-um-triz-leandro-quase-apanha-beijo-entre-pedro-jorge-e-marisa","status":"publish","type":"post","link":"https:\/\/www.europesays.com\/pt\/141249\/","title":{"rendered":"Por um triz! Leandro (quase) apanha &#8220;beijo&#8221; entre Pedro Jorge e Marisa"},"content":{"rendered":"<p>\t\t\t\t\t\t\t\t\t\t\t\t\t\tPedro Jorge e Marisa fizeram as pazes e voltaram a entrar num clima de cumplicidade, na \u201cCasa dos Segredos\u201d.<\/p>\n<p>Ap\u00f3s algumas discuss\u00f5es acesas entre o casal, com trocas de acusa\u00e7\u00f5es e insultos, os dois concorrentes deram tr\u00e9guas e est\u00e3o mais unidos que nunca.<\/p>\n<p>Pedro Jorge assumiu, durante 0 \u2018Especial\u2019 de ter\u00e7a-feira, que neste momento do jogo \u201cj\u00e1 n\u00e3o se importa se o segredo for desvendado\u201d e que quer apenas \u201cpreservar a rela\u00e7\u00e3o com a mulher da sua vida e m\u00e3e dos filhos\u201d.<\/p>\n<p>Nesta quarta-feira, 5 de novembro, Pedro Jorge e Marisa estiveram a um passo de serem apanhados em flagrante a beijarem-se.<\/p>\n<p>No quarto, o concorrente <strong>dirigiu-se \u00e0 mulher e roubou-lhe um beijo e cerca de dois segundos depois, Leandro \u2013 que tinha tentado ir ao confession\u00e1rio \u2013 apareceu de surpresa<\/strong>.<\/p>\n<p>Felizmente para Pedro Jorge e Marisa, o concorrente n\u00e3o chegou a ver o momento de cumplicidade.<\/p>\n<p><a href=\"https:\/\/x.com\/Soquerobarraco\/status\/1986087556203639021\" rel=\"nofollow\">Veja o v\u00eddeo aqui.<\/a><\/p>\n","protected":false},"excerpt":{"rendered":"Pedro Jorge e Marisa fizeram as pazes e voltaram a entrar num clima de cumplicidade, na \u201cCasa dos&hellip;\n","protected":false},"author":2,"featured_media":141250,"comment_status":"","ping_status":"","sticky":false,"template":"","format":"standard","meta":{"footnotes":""},"categories":[142],"tags":[6474,2632,1661,114,115,12397,19184,21416,32,33,16686,151,162],"class_list":{"0":"post-141249","1":"post","2":"type-post","3":"status-publish","4":"format-standard","5":"has-post-thumbnail","7":"category-tv","8":"tag-beijo","9":"tag-casa-dos-segredos","10":"tag-destaque","11":"tag-entertainment","12":"tag-entretenimento","13":"tag-leandro","14":"tag-marisa","15":"tag-pedro-jorge","16":"tag-portugal","17":"tag-pt","18":"tag-secret-story-9","19":"tag-tv","20":"tag-tvi"},"share_on_mastodon":{"url":"https:\/\/pubeurope.com\/@pt\/115500456520180098","error":""},"_links":{"self":[{"href":"https:\/\/www.europesays.com\/pt\/wp-json\/wp\/v2\/posts\/141249","targetHints":{"allow":["GET"]}}],"collection":[{"href":"https:\/\/www.europesays.com\/pt\/wp-json\/wp\/v2\/posts"}],"about":[{"href":"https:\/\/www.europesays.com\/pt\/wp-json\/wp\/v2\/types\/post"}],"author":[{"embeddable":true,"href":"https:\/\/www.europesays.com\/pt\/wp-json\/wp\/v2\/users\/2"}],"replies":[{"embeddable":true,"href":"https:\/\/www.europesays.com\/pt\/wp-json\/wp\/v2\/comments?post=141249"}],"version-history":[{"count":0,"href":"https:\/\/www.europesays.com\/pt\/wp-json\/wp\/v2\/posts\/141249\/revisions"}],"wp:featuredmedia":[{"embeddable":true,"href":"https:\/\/www.europesays.com\/pt\/wp-json\/wp\/v2\/media\/141250"}],"wp:attachment":[{"href":"https:\/\/www.europesays.com\/pt\/wp-json\/wp\/v2\/media?parent=141249"}],"wp:term":[{"taxonomy":"category","embeddable":true,"href":"https:\/\/www.europesays.com\/pt\/wp-json\/wp\/v2\/categories?post=141249"},{"taxonomy":"post_tag","embeddable":true,"href":"https:\/\/www.europesays.com\/pt\/wp-json\/wp\/v2\/tags?post=141249"}],"curies":[{"name":"wp","href":"https:\/\/api.w.org\/{rel}","templated":true}]}}