{"id":141268,"date":"2025-11-06T03:16:05","date_gmt":"2025-11-06T03:16:05","guid":{"rendered":"https:\/\/www.europesays.com\/pt\/141268\/"},"modified":"2025-11-06T03:16:05","modified_gmt":"2025-11-06T03:16:05","slug":"ha-espetaculo-de-led-mapping-e-concerto-ao-vivo-com-uma-banda-sonora-que-bem-conheces","status":"publish","type":"post","link":"https:\/\/www.europesays.com\/pt\/141268\/","title":{"rendered":"h\u00e1 espet\u00e1culo de LED mapping e concerto ao vivo com uma banda sonora que bem conheces"},"content":{"rendered":"<p>\t\t\t\t\t\t\t\t\t\t\t\t\t\t\t\t\t\t\t\t\t\t<img loading=\"lazy\" decoding=\"async\" src=\"https:\/\/www.europesays.com\/pt\/wp-content\/uploads\/2025\/11\/armazens-do-chiado-@armazensdochiado-_1-1024x683.jpg\" class=\"img-fluid\" alt=\"armaze\u0301ns do chiado\" width=\"1024\" height=\"683\"\/><br \/>\n\t\t\t\t\t\t\t\t\t\t\t\t\t\t\t\t\t\t\t\t\t\tFotos por @armazensdochiado<\/p>\n<p>    Save<\/p>\n<p>A espera est\u00e1 prestes a terminar e <strong>a baixa lisboeta prepara-se para ficar mais iluminada<\/strong> com o arranque oficial da \u00e9poca natal\u00edcia no Chiado, mais precisamente com <strong>a fachada dos Armaz\u00e9ns do Chiado<\/strong> a darem o pontap\u00e9 de sa\u00edda para mais um momento m\u00e1gico que acontecer\u00e1 j\u00e1 <strong>este s\u00e1bado, dia 8 de novembro, a partir das 18h30.<\/strong><\/p>\n<p>O evento que marca o <strong>in\u00edcio da contagem decrescente para o Natal<\/strong> no cora\u00e7\u00e3o da capital vai, mais uma vez, encantar todos com <strong>a chegada do Pai Natal, uma espet\u00e1culo de LED mapping e muita m\u00fasica.<\/strong> Vamos saber tudo!<\/p>\n<p> Rua do Carmo transforma-se na \u201cRua do Natal\u201d <\/p>\n<p><img fetchpriority=\"high\" decoding=\"async\" class=\"size-full wp-image-4597\" src=\"https:\/\/www.europesays.com\/pt\/wp-content\/uploads\/2025\/11\/23509146_10154884776432116_950355925167385280_o.jpg\" alt=\"\u00e1rvore e luzes de natal dos armaz\u00e9ns do chiado\" width=\"1404\" height=\"936\"  \/><\/p>\n<p>O ponto alto da noite ser\u00e1, como j\u00e1 \u00e9 h\u00e1bito, com o <strong>espet\u00e1culo visual na fachada dos Armaz\u00e9ns do Chiado,<\/strong> que volta a apostar na tecnologia LED para projetar nas suas paredes um conjunto de <strong>anima\u00e7\u00f5es din\u00e2micas inspiradas nos ic\u00f3nicos cl\u00e1ssicos<\/strong> desta quadra natal\u00edcia.<\/p>\n<p>A estes efeitos visuais junta-se uma <strong>banda sonora que vai mexer com a mem\u00f3ria de v\u00e1rias gera\u00e7\u00f5es,<\/strong> atrav\u00e9s de uma interpreta\u00e7\u00e3o de um dos temas mais conhecidos do cinema nesta altura do ano, <strong>o \u201cSozinho em Casa\u201d,<\/strong> assegurado neste dia <strong>pelo Coro da Lisbon Film Orchestra.<\/strong><\/p>\n<p>No fim, destaque ainda para a n\u00e3o menos tradicional <strong>chegada do Pai Natal a este shopping lisboeta, <\/strong>atrav\u00e9s de uma entrada triunfal ao seu interior, num momento que os mais novos v\u00e3o, certamente, adorar.<\/p>\n<p style=\"text-align:center;\"><b>N\u00e3o fiques a ver navios! Segue-nos no <\/b><b><a class=\"c-link\" href=\"https:\/\/www.facebook.com\/LisboaSecreta\/\" rel=\"nofollow noopener\" target=\"_blank\">Facebook,<\/a><\/b><b> no <\/b><b><a class=\"c-link\" href=\"https:\/\/www.instagram.com\/lisboasecreta\/\" rel=\"nofollow noopener\" target=\"_blank\">Instagram<\/a><\/b><b> e agora tamb\u00e9m no <\/b><b><a class=\"c-link\" href=\"https:\/\/whatsapp.com\/channel\/0029VazjBFIGE56cK7wPv31v\" rel=\"nofollow noopener\" target=\"_blank\">WhatsApp!<\/a><\/b><br \/><b\/><\/p>\n<p>\t\t\t\t<script async src=\"\/\/www.instagram.com\/embed.js\"><\/script><\/p>\n","protected":false},"excerpt":{"rendered":"Fotos por @armazensdochiado Save A espera est\u00e1 prestes a terminar e a baixa lisboeta prepara-se para ficar mais&hellip;\n","protected":false},"author":2,"featured_media":141269,"comment_status":"","ping_status":"","sticky":false,"template":"","format":"standard","meta":{"footnotes":""},"categories":[85],"tags":[114,115,7561,32,33,5245],"class_list":{"0":"post-141268","1":"post","2":"type-post","3":"status-publish","4":"format-standard","5":"has-post-thumbnail","7":"category-entretenimento","8":"tag-entertainment","9":"tag-entretenimento","10":"tag-natal","11":"tag-portugal","12":"tag-pt","13":"tag-visita-livre"},"share_on_mastodon":{"url":"https:\/\/pubeurope.com\/@pt\/115500586411141302","error":""},"_links":{"self":[{"href":"https:\/\/www.europesays.com\/pt\/wp-json\/wp\/v2\/posts\/141268","targetHints":{"allow":["GET"]}}],"collection":[{"href":"https:\/\/www.europesays.com\/pt\/wp-json\/wp\/v2\/posts"}],"about":[{"href":"https:\/\/www.europesays.com\/pt\/wp-json\/wp\/v2\/types\/post"}],"author":[{"embeddable":true,"href":"https:\/\/www.europesays.com\/pt\/wp-json\/wp\/v2\/users\/2"}],"replies":[{"embeddable":true,"href":"https:\/\/www.europesays.com\/pt\/wp-json\/wp\/v2\/comments?post=141268"}],"version-history":[{"count":0,"href":"https:\/\/www.europesays.com\/pt\/wp-json\/wp\/v2\/posts\/141268\/revisions"}],"wp:featuredmedia":[{"embeddable":true,"href":"https:\/\/www.europesays.com\/pt\/wp-json\/wp\/v2\/media\/141269"}],"wp:attachment":[{"href":"https:\/\/www.europesays.com\/pt\/wp-json\/wp\/v2\/media?parent=141268"}],"wp:term":[{"taxonomy":"category","embeddable":true,"href":"https:\/\/www.europesays.com\/pt\/wp-json\/wp\/v2\/categories?post=141268"},{"taxonomy":"post_tag","embeddable":true,"href":"https:\/\/www.europesays.com\/pt\/wp-json\/wp\/v2\/tags?post=141268"}],"curies":[{"name":"wp","href":"https:\/\/api.w.org\/{rel}","templated":true}]}}