{"id":141272,"date":"2025-11-06T03:23:17","date_gmt":"2025-11-06T03:23:17","guid":{"rendered":"https:\/\/www.europesays.com\/pt\/141272\/"},"modified":"2025-11-06T03:23:17","modified_gmt":"2025-11-06T03:23:17","slug":"primeiro-predio-arranha-ceu-de-curitiba-tem-quase-100-anos-de-historias","status":"publish","type":"post","link":"https:\/\/www.europesays.com\/pt\/141272\/","title":{"rendered":"Primeiro pr\u00e9dio arranha-c\u00e9u de Curitiba\u00a0tem quase 100 anos de hist\u00f3rias"},"content":{"rendered":"<p><img loading=\"lazy\" width=\"870\" height=\"580\" src=\"https:\/\/www.europesays.com\/pt\/wp-content\/uploads\/2025\/11\/c1070986-1265-4ffc-a49e-d8145de51b51.jpg\" class=\"attachment-870xauto size-870xauto wp-post-image\" alt=\"c1070986-1265-4ffc-a49e-d8145de51b51\" decoding=\"async\"  \/>O pr\u00e9dio Moreira Garcez (\u00e0 direita) \u00e9 considerado o primeiro arranha-c\u00e9u de Curitiba (Foto: Franklin de Freitas)<\/p>\n<p>Quem v\u00ea a quantidade de pr\u00e9dios altos em Curitiba atualmente pode n\u00e3o imaginar que, na metade do s\u00e9culo XX, uma estrutura de oito andares era considerado um arranha-c\u00e9u. O Edif\u00edcio Moreira Garcez, localizado na esquina da Avenida Luiz Xavier com a Rua Volunt\u00e1rios da P\u00e1tria, ao lado da Pra\u00e7a Os\u00f3rio, \u00e9 considerado o primeiro arranha-c\u00e9u de Curitiba e um dos s\u00edmbolos da era de moderniza\u00e7\u00e3o urbana do Paran\u00e1.<\/p>\n<p>A ideia surgiu em 1926, durante a gest\u00e3o do ent\u00e3o prefeito e engenheiro Jo\u00e3o Cid Moreira Garcez, que desejava construir um edif\u00edcio grandioso para abrigar um hotel de luxo. O projeto foi assinado pelo engenheiro Eduardo Fernando Chavez e inspirado no estilo Art D\u00e9co, tend\u00eancia arquitet\u00f4nica que havia surgido em Paris e come\u00e7ava a influenciar grandes centros urbanos ao redor do mundo.<\/p>\n<p>A constru\u00e7\u00e3o come\u00e7ou em 1927 e foi realizada em etapas. Em 1933, o pr\u00e9dio foi inaugurado com cinco andares e um subsolo, o suficiente para coloc\u00e1-lo no topo da cidade. Na \u00e9poca, o Moreira Garcez era o terceiro edif\u00edcio mais alto do Brasil.<\/p>\n<p>Com o passar dos anos, a estrutura foi ampliada: em 1937, ganhou mais um andar, e duas d\u00e9cadas depois, os dois \u00faltimos pisos completaram os oito andares atuais. A obra, que levou 13 anos para ser conclu\u00edda, teve detalhes finalizados apenas ap\u00f3s a morte de Moreira Garcez.<\/p>\n<p>Curiosidades sobre o primeiro pr\u00e9dio mais alto de Curitiba<\/p>\n<p>O pr\u00e9dio tamb\u00e9m chama aten\u00e7\u00e3o pela t\u00e9cnica de constru\u00e7\u00e3o. Seu estaqueamento foi feito com troncos de madeira embebidos em \u00f3leo cru, um m\u00e9todo comum na \u00e9poca, e sua fachada exibe frisos, bala\u00fastres e grades em estilo paranista, mesclando influ\u00eancias locais ao glamour do Art D\u00e9co europeu.<\/p>\n<p>Ao longo das d\u00e9cadas, o Edif\u00edcio Moreira Garcez teve m\u00faltiplas fun\u00e7\u00f5es. Sediou o consulado da Alemanha nazista nas d\u00e9cadas de 1930 e 1940, foi shopping center, sede da Federa\u00e7\u00e3o Paranaense de Futebol e at\u00e9 abrigou reparti\u00e7\u00f5es p\u00fablicas, associa\u00e7\u00f5es e escolas. No t\u00e9rreo, ficava uma das entradas do hist\u00f3rico Cine Pal\u00e1cio, ponto de encontro da elite curitibana.<\/p>\n<p>Em 1985, o pr\u00e9dio passou por uma ampla restaura\u00e7\u00e3o promovida pelo Grupo Hermes Macedo, devolvendo parte do brilho original \u00e0 constru\u00e7\u00e3o. J\u00e1 em 2003, foi adquirido pela Faculdade Internacional de Curitiba (Facinter), que mais tarde se integrou ao grupo educacional UNINTER.<\/p>\n<p>Do Moreira Garcez aos gigantes do s\u00e9culo XXI<\/p>\n<p>Quase um s\u00e9culo depois, a Curitiba que viu nascer o primeiro arranha-c\u00e9u agora abriga constru\u00e7\u00f5es muito mais altas. Atualmente, o pr\u00e9dio mais alto da cidade \u00e9 o Universe Life Square, localizado na Rua Comendador Ara\u00fajo, com 152 metros de altura e 43 andares.<\/p>\n<p><img loading=\"lazy\" decoding=\"async\" width=\"558\" height=\"1024\" src=\"https:\/\/www.europesays.com\/pt\/wp-content\/uploads\/2025\/10\/life-square-arquevi-bem-p-558x1024.jpeg\" alt=\"life square arquevi bem p\" class=\"wp-image-2118981\"  \/>O Universe Life Square, pr\u00e9dio mais alto de Curitiba (Foto: Arquivo\/Bem Paran\u00e1)<\/p>\n<p>Mas o recorde tem data para cair. Est\u00e1 em constru\u00e7\u00e3o o O\u00c1S, um empreendimento com 50 andares e 179 metros de altura, que promete se tornar o novo gigante curitibano. O edif\u00edcio est\u00e1 sendo erguido na esquina das ruas Jer\u00f4nimo Durski e Padre Anchieta, no bairro Champagnat, e deve redefinir mais uma vez o horizonte da Capital.<\/p>\n","protected":false},"excerpt":{"rendered":"O pr\u00e9dio Moreira Garcez (\u00e0 direita) \u00e9 considerado o primeiro arranha-c\u00e9u de Curitiba (Foto: Franklin de Freitas) Quem&hellip;\n","protected":false},"author":2,"featured_media":141273,"comment_status":"","ping_status":"","sticky":false,"template":"","format":"standard","meta":{"footnotes":""},"categories":[144],"tags":[207,205,206,203,201,202,204,114,115,32,33],"class_list":{"0":"post-141272","1":"post","2":"type-post","3":"status-publish","4":"format-standard","5":"has-post-thumbnail","7":"category-arte-e-design","8":"tag-arte","9":"tag-arte-e-design","10":"tag-artedesign","11":"tag-arts","12":"tag-arts-and-design","13":"tag-artsanddesign","14":"tag-design","15":"tag-entertainment","16":"tag-entretenimento","17":"tag-portugal","18":"tag-pt"},"share_on_mastodon":{"url":"https:\/\/pubeurope.com\/@pt\/115500614004060122","error":""},"_links":{"self":[{"href":"https:\/\/www.europesays.com\/pt\/wp-json\/wp\/v2\/posts\/141272","targetHints":{"allow":["GET"]}}],"collection":[{"href":"https:\/\/www.europesays.com\/pt\/wp-json\/wp\/v2\/posts"}],"about":[{"href":"https:\/\/www.europesays.com\/pt\/wp-json\/wp\/v2\/types\/post"}],"author":[{"embeddable":true,"href":"https:\/\/www.europesays.com\/pt\/wp-json\/wp\/v2\/users\/2"}],"replies":[{"embeddable":true,"href":"https:\/\/www.europesays.com\/pt\/wp-json\/wp\/v2\/comments?post=141272"}],"version-history":[{"count":0,"href":"https:\/\/www.europesays.com\/pt\/wp-json\/wp\/v2\/posts\/141272\/revisions"}],"wp:featuredmedia":[{"embeddable":true,"href":"https:\/\/www.europesays.com\/pt\/wp-json\/wp\/v2\/media\/141273"}],"wp:attachment":[{"href":"https:\/\/www.europesays.com\/pt\/wp-json\/wp\/v2\/media?parent=141272"}],"wp:term":[{"taxonomy":"category","embeddable":true,"href":"https:\/\/www.europesays.com\/pt\/wp-json\/wp\/v2\/categories?post=141272"},{"taxonomy":"post_tag","embeddable":true,"href":"https:\/\/www.europesays.com\/pt\/wp-json\/wp\/v2\/tags?post=141272"}],"curies":[{"name":"wp","href":"https:\/\/api.w.org\/{rel}","templated":true}]}}