{"id":141280,"date":"2025-11-06T03:30:22","date_gmt":"2025-11-06T03:30:22","guid":{"rendered":"https:\/\/www.europesays.com\/pt\/141280\/"},"modified":"2025-11-06T03:30:22","modified_gmt":"2025-11-06T03:30:22","slug":"irma-de-liliana-oliveira-em-hospital-apos-acidente-familia-emite-comunicado","status":"publish","type":"post","link":"https:\/\/www.europesays.com\/pt\/141280\/","title":{"rendered":"Irm\u00e3 de Liliana Oliveira em hospital ap\u00f3s acidente? Fam\u00edlia emite comunicado!"},"content":{"rendered":"<p>A irm\u00e3 de <a href=\"https:\/\/selfie.iol.pt\/famosos\/casa-dos-segredos\/polemica-em-secret-story-fabio-morre-de-ciumes-de-liliana-com-vencedor-do-big-brother\/20251102\/690768f5d34e3caad84aceb9\" target=\"_blank\" rel=\"nofollow noopener\">Liliana Oliveira<\/a> est\u00e1 bem a n\u00edvel de sa\u00fade, ao contr\u00e1rio dos rumores que t\u00eam circulado nas redes sociais.<\/p>\n<p>Por interm\u00e9dio do Instagram, a fam\u00edlia da concorrente da nona edi\u00e7\u00e3o de &#8220;Secret Story &#8211; Casa dos Segredos&#8221; emitiu um comunicado, atrav\u00e9s do qual p\u00f5e fim aos boatos de que a jovem foi alvo: &#8220;Ap\u00f3s v\u00e1rias mensagens e v\u00e1rias chamadas, vimos por este meio informar que a not\u00edcia que anda a circular nas redes sociais sobre a irm\u00e3 da Liliana \u00e9 mentira.&#8221;<\/p>\n<p>&#8220;A menina n\u00e3o sofreu qualquer tipo de acidente, nem esteve em qualquer hospital&#8221;, asseguraram, de seguida, os familiares de <a href=\"https:\/\/selfie.iol.pt\/famosos\/secret-story\/previsao-do-tarot-para-relacao-de-liliana-e-fabio-revela-algo-surpreendente-relacionado-com-o-ex-noivo\/20251105\/690b4282d34e2bd5c6d3a6c7\" target=\"_blank\" rel=\"nofollow noopener\">Liliana Oliveira<\/a>. &#8220;Agradecemos a toda a gente que se preocupou, mas est\u00e1 tudo bem!&#8221;, terminou a nota deixa pela equipa da participante do reality show da <a href=\"https:\/\/tvi.iol.pt\/\" target=\"_blank\" rel=\"nofollow noopener\">TVI<\/a>.<\/p>\n<p>Veja, agora, v\u00eddeos de Liliana Oliveira em &#8220;<a href=\"https:\/\/tvi.iol.pt\/secretstory\/\" target=\"_blank\" rel=\"nofollow noopener\">Secret Story<\/a> &#8211; Casa dos Segredos&#8221;.<\/p>\n<p style=\"text-align:center\"><img loading=\"lazy\" decoding=\"async\" alt=\"\" height=\"889\" src=\"https:\/\/www.europesays.com\/pt\/wp-content\/uploads\/2025\/11\/690b66acd34e3caad84aeffb.webp\" width=\"500\"\/><\/p>\n<p>\u00a0<\/p>\n","protected":false},"excerpt":{"rendered":"A irm\u00e3 de Liliana Oliveira est\u00e1 bem a n\u00edvel de sa\u00fade, ao contr\u00e1rio dos rumores que t\u00eam circulado&hellip;\n","protected":false},"author":2,"featured_media":72903,"comment_status":"","ping_status":"","sticky":false,"template":"","format":"standard","meta":{"footnotes":""},"categories":[85],"tags":[2632,13471,6338,114,115,981,980,1015,12195,19016,24883,619,32,33,1014,1315,6985,16687,16686,1012,6986,16688,162],"class_list":{"0":"post-141280","1":"post","2":"type-post","3":"status-publish","4":"format-standard","5":"has-post-thumbnail","7":"category-entretenimento","8":"tag-casa-dos-segredos","9":"tag-casa-dos-segredos-9","10":"tag-concorrente","11":"tag-entertainment","12":"tag-entretenimento","13":"tag-familia","14":"tag-famosos","15":"tag-instagram","16":"tag-irma","17":"tag-liliana","18":"tag-liliana-oliveira","19":"tag-nacional","20":"tag-portugal","21":"tag-pt","22":"tag-reality-show","23":"tag-secret-story","24":"tag-secret-story-casa-dos-segredos","25":"tag-secret-story-casa-dos-segredos-9","26":"tag-secret-story-9","27":"tag-selfie","28":"tag-ss","29":"tag-ss9","30":"tag-tvi"},"share_on_mastodon":{"url":"https:\/\/pubeurope.com\/@pt\/115500641437633006","error":""},"_links":{"self":[{"href":"https:\/\/www.europesays.com\/pt\/wp-json\/wp\/v2\/posts\/141280","targetHints":{"allow":["GET"]}}],"collection":[{"href":"https:\/\/www.europesays.com\/pt\/wp-json\/wp\/v2\/posts"}],"about":[{"href":"https:\/\/www.europesays.com\/pt\/wp-json\/wp\/v2\/types\/post"}],"author":[{"embeddable":true,"href":"https:\/\/www.europesays.com\/pt\/wp-json\/wp\/v2\/users\/2"}],"replies":[{"embeddable":true,"href":"https:\/\/www.europesays.com\/pt\/wp-json\/wp\/v2\/comments?post=141280"}],"version-history":[{"count":0,"href":"https:\/\/www.europesays.com\/pt\/wp-json\/wp\/v2\/posts\/141280\/revisions"}],"wp:featuredmedia":[{"embeddable":true,"href":"https:\/\/www.europesays.com\/pt\/wp-json\/wp\/v2\/media\/72903"}],"wp:attachment":[{"href":"https:\/\/www.europesays.com\/pt\/wp-json\/wp\/v2\/media?parent=141280"}],"wp:term":[{"taxonomy":"category","embeddable":true,"href":"https:\/\/www.europesays.com\/pt\/wp-json\/wp\/v2\/categories?post=141280"},{"taxonomy":"post_tag","embeddable":true,"href":"https:\/\/www.europesays.com\/pt\/wp-json\/wp\/v2\/tags?post=141280"}],"curies":[{"name":"wp","href":"https:\/\/api.w.org\/{rel}","templated":true}]}}