{"id":141282,"date":"2025-11-06T03:36:10","date_gmt":"2025-11-06T03:36:10","guid":{"rendered":"https:\/\/www.europesays.com\/pt\/141282\/"},"modified":"2025-11-06T03:36:10","modified_gmt":"2025-11-06T03:36:10","slug":"millie-bobby-brown-afirma-que-nao-pretende-revelar-o-nome-da-filha-e-explica-o-motivo","status":"publish","type":"post","link":"https:\/\/www.europesays.com\/pt\/141282\/","title":{"rendered":"Millie Bobby Brown afirma que n\u00e3o pretende revelar o nome da filha e explica o motivo"},"content":{"rendered":"<p>                                Ler resumo <\/p>\n<p>Millie Bobby Brown falou sobre a decis\u00e3o de n\u00e3o revelar o nome da filha com Jake Bongiovi. Em entrevista concedida para a Vogue brit\u00e2nica, a atriz explicou que pretende manter a identidade da beb\u00ea em sigilo at\u00e9 que ela esteja pronta para decidir se quer se expor publicamente.<\/p>\n<p><a href=\"https:\/\/hugogloss.uol.com.br\/tag\/millie-bobby-brown\" target=\"_blank\" rel=\"noopener nofollow\">Millie Bobby Brown<\/a> esclareceu que n\u00e3o pretende revelar o nome da filha. Em entrevista \u00e0 Vogue brit\u00e2nica, divulgada nesta quarta-feira (5), a atriz \u2014 que recentemente adotou uma menina com o marido, Jake Bongiovi \u2014 afirmou que isso s\u00f3 acontecer\u00e1 quando \u201cela estiver pronta para faz\u00ea-lo sozinha\u201d.<\/p>\n<p>Quando a jornalista Zing Tsjeng perguntou se Millie poderia falar um pouco mais sobre a personalidade da beb\u00ea, a estrela respondeu que n\u00e3o faria isso e explicou o motivo.<\/p>\n<p>\u201cPara mim, \u00e9 muito importante proteg\u00ea-la e proteger a sua hist\u00f3ria at\u00e9 que ela tenha idade suficiente para, um dia, talvez, compartilh\u00e1-la por conta pr\u00f3pria. N\u00e3o me cabe coloc\u00e1-la propositalmente sob os holofotes contra a sua vontade\u201d, afirmou.<\/p>\n<p> <img loading=\"lazy\" decoding=\"async\" class=\"wp-image-1193351 size-medium img-fluid lazy\" alt=\"millie bobby brown\" width=\"374\" height=\"499\" src=\"https:\/\/www.europesays.com\/pt\/wp-content\/uploads\/2025\/11\/millie-bobby-brown-374x499.jpg\"  \/>Millie em recente publica\u00e7\u00e3o do Instagram. (\ud83d\udcf8: Reprodu\u00e7\u00e3o\/Instagram) <\/p>\n<p>\u201cSe ela escolher compartilhar sua personalidade com o mundo um dia, como eu fiz quando era jovem, n\u00f3s a apoiaremos. Mas agora, enquanto ela \u00e9 pequena\u2026 Como pais, \u00e9 nosso dever proteg\u00ea-la disso. Na verdade, n\u00e3o h\u00e1 planos de divulgar sequer o nome dela at\u00e9 que ela esteja pronta para decidir por si mesma\u201d, confessou.<\/p>\n<p>A nova mam\u00e3e, por\u00e9m, pode ter dado uma dica sobre o nome da filha durante um passeio por Nova Iorque. Na ocasi\u00e3o, fotos obtidas pelo Daily Mail mostravam que a capa do celular da atriz exibia as letras \u201cR\u201d, \u201cW\u201d e \u201cB\u201d. Para o tabloide, o \u201cB\u201d seria origin\u00e1rio do sobrenome dos dois, Brown e Bongiovi, sobrando ent\u00e3o as outras duas letras como op\u00e7\u00e3o.<\/p>\n<p> Continua depois da Publicidade <\/p>\n<p>Apesar de n\u00e3o dar detalhes a respeito da nen\u00e9m, a atriz contou como est\u00e1 lidando com a maternidade. \u201cTem sido uma jornada linda e incr\u00edvel. Ela j\u00e1 nos ensinou muito. A perspectiva muda completamente e as pequenas coisas da vida se tornam muito mais preciosas. Nossos dias s\u00e3o repletos de abra\u00e7os, risadas e amor. \u00c9 uma alegria sem fim\u201d, disse Millie.<\/p>\n<p>Ela ainda revelou que divide todas as tarefas com o companheiro. \u201c\u00c9 por isso que sou t\u00e3o grata por t\u00ea-lo como parceiro nesta vida. Ele \u00e9 simplesmente o pai mais incr\u00edvel\u201d, assumiu.<\/p>\n<p> <img loading=\"lazy\" decoding=\"async\" class=\"wp-image-1193357 size-medium img-fluid lazy\" alt=\"millie bobby brown e jake \" width=\"374\" height=\"499\" src=\"https:\/\/www.europesays.com\/pt\/wp-content\/uploads\/2025\/11\/millie-bobby-brown-e-jake1-374x499.jpg\"  \/>Millie e Jake est\u00e3o casados desde 2024. (\ud83d\udcf8: Reprodu\u00e7\u00e3o\/Instagram) <\/p>\n<p>Casados desde maio de 2024, <a href=\"https:\/\/hugogloss.uol.com.br\/famosos\/millie-bobby-brown-e-marido-jake-bongiovi-anunciam-que-sao-pais-adotamos-uma-menina-leia-a-integra\/\" target=\"_blank\" rel=\"noopener nofollow\">eles fizeram uma publica\u00e7\u00e3o conjunta para anunciar a chegada da pequena<\/a>. \u201cNeste ver\u00e3o, demos as boas-vindas \u00e0 nossa doce beb\u00ea por meio da ado\u00e7\u00e3o. Estamos extremamente felizes em embarcar neste belo novo cap\u00edtulo da paternidade com paz e privacidade. E agora somos tr\u00eas. Com amor, Millie e Jake Bongiovi\u201d, escreveram no Instagram.<\/p>\n<p> Continua depois da Publicidade <\/p>\n<p>Em uma entrevista para o podcast \u201cSmartless\u201d, em mar\u00e7o deste ano, a estrela disse que sempre desejou de ter uma crian\u00e7a ainda jovem e formar uma grande fam\u00edlia, mesmo antes de conhecer Jake. \u201cSou uma de quatro irm\u00e3os; ele tamb\u00e9m \u00e9 um de quatro. N\u00e3o vejo ter um filho biol\u00f3gico como algo realmente diferente de adotar\u201d, ressaltou a protagonista de \u201c<a href=\"https:\/\/hugogloss.uol.com.br\/tag\/stranger-things\" target=\"_blank\" rel=\"noopener nofollow\">Stranger Things<\/a>\u201c.<\/p>\n<p>                                                                    <a id=\"google-news\" class=\"google-news\" href=\"https:\/\/news.google.com\/publications\/CAAqBwgKMM6ViAswv82GAw?ceid=BR:pt-419&amp;amp;oc=3&amp;amp;hl=pt-BR&amp;amp;gl=BR\" target=\"_blank\" rel=\"nofollow noopener\"><\/p>\n<p>                                            Siga a <strong> Hugo Gloss no Google News<\/strong> e acompanhe nossos destaques<\/p>\n<p>                                    <\/a><\/p>\n","protected":false},"excerpt":{"rendered":"Ler resumo Millie Bobby Brown falou sobre a decis\u00e3o de n\u00e3o revelar o nome da filha com Jake&hellip;\n","protected":false},"author":2,"featured_media":141283,"comment_status":"","ping_status":"","sticky":false,"template":"","format":"standard","meta":{"footnotes":""},"categories":[145],"tags":[211,210,114,115,31336,30722,32,33],"class_list":{"0":"post-141282","1":"post","2":"type-post","3":"status-publish","4":"format-standard","5":"has-post-thumbnail","7":"category-celebridades","8":"tag-celebridades","9":"tag-celebrities","10":"tag-entertainment","11":"tag-entretenimento","12":"tag-jake-bongiovi","13":"tag-millie-bobby-brown","14":"tag-portugal","15":"tag-pt"},"share_on_mastodon":{"url":"https:\/\/pubeurope.com\/@pt\/115500665115045256","error":""},"_links":{"self":[{"href":"https:\/\/www.europesays.com\/pt\/wp-json\/wp\/v2\/posts\/141282","targetHints":{"allow":["GET"]}}],"collection":[{"href":"https:\/\/www.europesays.com\/pt\/wp-json\/wp\/v2\/posts"}],"about":[{"href":"https:\/\/www.europesays.com\/pt\/wp-json\/wp\/v2\/types\/post"}],"author":[{"embeddable":true,"href":"https:\/\/www.europesays.com\/pt\/wp-json\/wp\/v2\/users\/2"}],"replies":[{"embeddable":true,"href":"https:\/\/www.europesays.com\/pt\/wp-json\/wp\/v2\/comments?post=141282"}],"version-history":[{"count":0,"href":"https:\/\/www.europesays.com\/pt\/wp-json\/wp\/v2\/posts\/141282\/revisions"}],"wp:featuredmedia":[{"embeddable":true,"href":"https:\/\/www.europesays.com\/pt\/wp-json\/wp\/v2\/media\/141283"}],"wp:attachment":[{"href":"https:\/\/www.europesays.com\/pt\/wp-json\/wp\/v2\/media?parent=141282"}],"wp:term":[{"taxonomy":"category","embeddable":true,"href":"https:\/\/www.europesays.com\/pt\/wp-json\/wp\/v2\/categories?post=141282"},{"taxonomy":"post_tag","embeddable":true,"href":"https:\/\/www.europesays.com\/pt\/wp-json\/wp\/v2\/tags?post=141282"}],"curies":[{"name":"wp","href":"https:\/\/api.w.org\/{rel}","templated":true}]}}