{"id":141286,"date":"2025-11-06T03:43:16","date_gmt":"2025-11-06T03:43:16","guid":{"rendered":"https:\/\/www.europesays.com\/pt\/141286\/"},"modified":"2025-11-06T03:43:16","modified_gmt":"2025-11-06T03:43:16","slug":"portal-ipasgo-ipasgo-saude-promove-capacitacao-para-colaboradores-sobre-avancos-em-imunologia-e-oncologia","status":"publish","type":"post","link":"https:\/\/www.europesays.com\/pt\/141286\/","title":{"rendered":"Portal Ipasgo &#8211; Ipasgo Sa\u00fade promove capacita\u00e7\u00e3o para colaboradores sobre avan\u00e7os em imunologia e oncologia"},"content":{"rendered":"<p style=\"text-align: center;\"><img decoding=\"async\" alt=\"\" src=\"https:\/\/www.europesays.com\/pt\/wp-content\/uploads\/2025\/11\/foto-workshop-hyqvia.jpeg\" style=\"height: 399px; width: 600px;\"\/><\/p>\n<p>\u00a0<\/p>\n<p>O Ipasgo Sa\u00fade realizou, nesta quarta-feira (5), uma capacita\u00e7\u00e3o voltada aos colaboradores do plano de sa\u00fade, com foco em duas tem\u00e1ticas de relev\u00e2ncia cl\u00ednica: o uso do medicamento HyQvia e o linfoma de Hodgkin. O encontro ocorreu na sede da institui\u00e7\u00e3o e teve como objetivo atualizar os profissionais sobre novas tecnologias e protocolos assistenciais.<\/p>\n<p>Segundo o Minist\u00e9rio da Sa\u00fade, o HyQvia, apresentado durante a capacita\u00e7\u00e3o, \u00e9 uma imunoglobulina humana utilizada no tratamento de pacientes com imunodefici\u00eancia prim\u00e1ria, condi\u00e7\u00e3o em que o corpo n\u00e3o produz anticorpos suficientes para combater infec\u00e7\u00f5es. Nesses casos, o medicamento \u00e9 administrado com o objetivo de melhorar a dispers\u00e3o e absor\u00e7\u00e3o de anticorpos.<\/p>\n<p>O evento tamb\u00e9m discutiu o linfoma de Hodgkin, um c\u00e2ncer do sistema linf\u00e1tico que compromete o funcionamento do sistema imunol\u00f3gico, de acordo com o Instituto Nacional de C\u00e2ncer (INCA). A doen\u00e7a ocorre quando uma c\u00e9lula come\u00e7a a se multiplicar descontroladamente e se dissemina, podendo atingir outras \u00e1reas do corpo.<\/p>\n<p>Para a enfermeira da Ger\u00eancia de Regula\u00e7\u00e3o, Auditoria e Faturamento do Ipasgo Sa\u00fade, Amandda Souza, iniciativas como essa fortalecem o cuidado oferecido ao benefici\u00e1rio.<\/p>\n<blockquote><p>&#13;<\/p>\n<p>\u201cS\u00e3o dois temas importantes para o nosso conhecimento e que refletem l\u00e1 na ponta. Essas capacita\u00e7\u00f5es trazem novas pesquisas, procedimentos e medicamentos, que mant\u00eam a equipe atualizada e melhoram a qualidade de atendimento ao benefici\u00e1rio\u201d, destacou.<\/p>\n<p>&#13;\n<\/p><\/blockquote>\n<p>Jaime Cust\u00f3dio, colaborador do Ipasgo Sa\u00fade, refor\u00e7ou que a atualiza\u00e7\u00e3o t\u00e9cnica tamb\u00e9m contribui para a melhoria dos processos internos.<\/p>\n<blockquote><p>&#13;<\/p>\n<p>\u201cTemos uma grande quantidade de solicita\u00e7\u00f5es de cobertura, e a incorpora\u00e7\u00e3o de novas tecnologias ajuda a tornar esses processos mais \u00e1geis e eficientes. Quem ganha \u00e9 o benefici\u00e1rio\u201d, afirmou.<\/p>\n<p>&#13;\n<\/p><\/blockquote>\n","protected":false},"excerpt":{"rendered":"\u00a0 O Ipasgo Sa\u00fade realizou, nesta quarta-feira (5), uma capacita\u00e7\u00e3o voltada aos colaboradores do plano de sa\u00fade, com&hellip;\n","protected":false},"author":2,"featured_media":133316,"comment_status":"","ping_status":"","sticky":false,"template":"","format":"standard","meta":{"footnotes":""},"categories":[86],"tags":[116,30161,13,32,33,117,31337],"class_list":{"0":"post-141286","1":"post","2":"type-post","3":"status-publish","4":"format-standard","5":"has-post-thumbnail","7":"category-saude","8":"tag-health","9":"tag-ipasgo-saude","10":"tag-noticias","11":"tag-portugal","12":"tag-pt","13":"tag-saude","14":"tag-workshop"},"share_on_mastodon":{"url":"https:\/\/pubeurope.com\/@pt\/115500692891610586","error":""},"_links":{"self":[{"href":"https:\/\/www.europesays.com\/pt\/wp-json\/wp\/v2\/posts\/141286","targetHints":{"allow":["GET"]}}],"collection":[{"href":"https:\/\/www.europesays.com\/pt\/wp-json\/wp\/v2\/posts"}],"about":[{"href":"https:\/\/www.europesays.com\/pt\/wp-json\/wp\/v2\/types\/post"}],"author":[{"embeddable":true,"href":"https:\/\/www.europesays.com\/pt\/wp-json\/wp\/v2\/users\/2"}],"replies":[{"embeddable":true,"href":"https:\/\/www.europesays.com\/pt\/wp-json\/wp\/v2\/comments?post=141286"}],"version-history":[{"count":0,"href":"https:\/\/www.europesays.com\/pt\/wp-json\/wp\/v2\/posts\/141286\/revisions"}],"wp:featuredmedia":[{"embeddable":true,"href":"https:\/\/www.europesays.com\/pt\/wp-json\/wp\/v2\/media\/133316"}],"wp:attachment":[{"href":"https:\/\/www.europesays.com\/pt\/wp-json\/wp\/v2\/media?parent=141286"}],"wp:term":[{"taxonomy":"category","embeddable":true,"href":"https:\/\/www.europesays.com\/pt\/wp-json\/wp\/v2\/categories?post=141286"},{"taxonomy":"post_tag","embeddable":true,"href":"https:\/\/www.europesays.com\/pt\/wp-json\/wp\/v2\/tags?post=141286"}],"curies":[{"name":"wp","href":"https:\/\/api.w.org\/{rel}","templated":true}]}}