{"id":141287,"date":"2025-11-06T03:44:29","date_gmt":"2025-11-06T03:44:29","guid":{"rendered":"https:\/\/www.europesays.com\/pt\/141287\/"},"modified":"2025-11-06T03:44:29","modified_gmt":"2025-11-06T03:44:29","slug":"catarina-miranda-quebra-o-silencio-e-reage-as-acusacoes-de-fanny-rodrigues","status":"publish","type":"post","link":"https:\/\/www.europesays.com\/pt\/141287\/","title":{"rendered":"Catarina Miranda &#8216;quebra o sil\u00eancio&#8217; e reage \u00e0s acusa\u00e7\u00f5es de Fanny Rodrigues"},"content":{"rendered":"<p>\t\t\t\t\t\t\t\t\t\t\t\t<a href=\"#\" onclick=\"window.open('http:\/\/www.facebook.com\/sharer.php?u=https:\/\/cusquices.com\/catarina-miranda-quebra-o-silencio-e-reage-as-acusacoes-de-fanny-rodrigues\/&amp;t=Catarina Miranda \u2018quebra o sil\u00eancio\u2019 e reage \u00e0s acusa\u00e7\u00f5es de Fanny Rodrigues', 'facebookShare', 'width=626,height=436'); return false;\" title=\"Share on Facebook\"><\/p>\n<p>Share<\/p>\n<p><\/a><br \/>\n\t\t\t\t\t\t\t\t\t\t\t\t<a href=\"#\" onclick=\"window.open('http:\/\/twitter.com\/share?text=Catarina Miranda \u2018quebra o sil\u00eancio\u2019 e reage \u00e0s acusa\u00e7\u00f5es de Fanny Rodrigues -&amp;url=https:\/\/cusquices.com\/catarina-miranda-quebra-o-silencio-e-reage-as-acusacoes-de-fanny-rodrigues\/', 'twitterShare', 'width=626,height=436'); return false;\" title=\"Tweet This Post\"><\/p>\n<p>Tweet<\/p>\n<p><\/a><br \/>\n\t\t\t\t\t\t\t\t\t\t\t\t<a href=\"whatsapp:\/\/send?text=Catarina Miranda \u2018quebra o sil\u00eancio\u2019 e reage \u00e0s acusa\u00e7\u00f5es de Fanny Rodrigues https:\/\/cusquices.com\/catarina-miranda-quebra-o-silencio-e-reage-as-acusacoes-de-fanny-rodrigues\/\" rel=\"nofollow\"><\/p>\n<p>Share<\/p>\n<p><\/a><br \/>\n\t\t\t\t\t\t\t\t\t\t\t\t<a href=\"#\" onclick=\"window.open('http:\/\/pinterest.com\/pin\/create\/button\/?url=https:\/\/cusquices.com\/catarina-miranda-quebra-o-silencio-e-reage-as-acusacoes-de-fanny-rodrigues\/&amp;media=https:\/\/cusquices.com\/wp-content\/uploads\/2025\/10\/fanny-cmiranda-1000x600.jpg&amp;description=Catarina Miranda \u2018quebra o sil\u00eancio\u2019 e reage \u00e0s acusa\u00e7\u00f5es de Fanny Rodrigues', 'pinterestShare', 'width=750,height=350'); return false;\" title=\"Pin This Post\"><\/p>\n<p>Share<\/p>\n<p><\/a><br \/>\n\t\t\t\t\t\t\t\t\t\t\t\t<a href=\"mailto:?subject=Catarina Miranda \u2018quebra o sil\u00eancio\u2019 e reage \u00e0s acusa\u00e7\u00f5es de Fanny Rodrigues&amp;BODY=I found this article interesting and thought of sharing it with you. Check it out: https:\/\/cusquices.com\/catarina-miranda-quebra-o-silencio-e-reage-as-acusacoes-de-fanny-rodrigues\/\"><\/p>\n<p>Email<\/p>\n<p><\/a><br \/>\n\t\t\t\t\t\t\t\t\t\t\t\t\t\t\t\t\t\t\t\t\t\t\t\t\t\t\t\t\t\t\t\t\t\t\t\t\t\t\t\t\t\t\t\t\t\t\t\t\t\t\t\t\t<a href=\"https:\/\/cusquices.com\/catarina-miranda-quebra-o-silencio-e-reage-as-acusacoes-de-fanny-rodrigues\/#respond\" rel=\"nofollow noopener\" target=\"_blank\"><\/p>\n<p>Catarina Miranda d\u00e1 resposta \u00e0 letra a Fanny Rodrigues.<\/p>\n<p>Fanny Rodrigues esteve recentemente na \u2018Passadeira Vermelha\u2019 e acabou por \u2018p\u00f4r a boca no trombone\u2019 e <a href=\"https:\/\/cusquices.com\/fanny-rodrigues-quebra-o-silencio-e-expoe-motivos-das-quezilias-com-catarina-miranda\/\" rel=\"nofollow noopener\" target=\"_blank\">contar os motivos da quez\u00edlia com Catarina Miranda.<\/a><\/p>\n<p><strong>\u201cEu nunca mais me esque\u00e7o, ela inicialmente chegou l\u00e1, fez um\u00a0story\u00a0comigo, tudo tranquilo (\u2026). Quando, de repente, estamos no camarim e ela vira-se e, ai de quem diga que isto \u00e9 mentira, diz: \u201cOh Idevor, realmente o teu lugar n\u00e3o \u00e9 aqui, tu estavas bem era com a Maria Cerqueira Gomes ao s\u00e1bado\u201d. Olha eu fiquei (\u2026)\u201d<\/strong>, come\u00e7ou por contar Fanny, que acrescentou de seguida: \u201c<strong>N\u00f3s fic\u00e1mos todos a olhar e a pensar \u2018ela n\u00e3o acabou de dizer isto\u2019 mas disse. E disse tanta coisa\u2026 E dava-me muitas vezes as costas em televis\u00e3o (\u2026). Muito bem me portei eu, que eu tenho um feitio explosivo\u201d<\/strong>.<\/p>\n<p>Catarina Miranda j\u00e1 reagiu \u00e0s acusa\u00e7\u00f5es da \u2018Belle Portugaise\u2019 e em conversa com a TV Guia, deu resposta \u00e0 letra: <strong>\u201cEla tamb\u00e9m sabe com quem mexer, porque nunca mexeu muito com a M\u00f3nica [Jardim] e com o Idevor. Ela sabia que dos tr\u00eas, eu era a \u00fanica que podia descartar\u201d<\/strong>, come\u00e7ou por dizer.<\/p>\n<p>A jovem de Almeirim atirou ainda \u2018farpas\u2019 \u00e0 \u2018Passadeira Vermelha\u2019, recordando: <strong>\u201cAcho engra\u00e7ado ter sido t\u00e3o criticada na \u2018Passadeira Vermelha\u2019 por expor o que se passou nos bastidores na altura e agora estarem a convidar uma pessoa para fazerem exatamente o mesmo\u201d.<\/strong><\/p>\n<p>Catarina Miranda n\u00e3o se quis alongar sobre o tema e rematou com uma mensagem para Fanny: <strong>\u201c\u00c0 Fanny desejo as maiores felicidades do mundo e que encontre a paz que h\u00e1 muito tempo lhe anda a fugir\u201d<\/strong>.<\/p>\n<p>\t\t\t\t\t\t\t\t\t\t\t\t\t\t\t\t\t\t\t\t\t\t\t\t\t<img decoding=\"async\" src=\"https:\/\/www.europesays.com\/pt\/wp-content\/uploads\/2025\/10\/cusquices-logo-52x.png\" class=\"webpexpress-processed\"\/><\/p>\n<p>\t\t\t\t\t\t\t\t\t\t\t\t\t\t\t\t\t\t\t\t\t            \t\t\t\t\t\t\t\t\t\t\t\t\t\t\t\t\t\t\t\t\t\t\t\t\t\t\t\t\t\t\t\t\t\t\t\t\t\t\t<script async src=\"https:\/\/platform.twitter.com\/widgets.js\" charset=\"utf-8\"><\/script><\/p>\n","protected":false},"excerpt":{"rendered":"Share Tweet Share Share Email Catarina Miranda d\u00e1 resposta \u00e0 letra a Fanny Rodrigues. Fanny Rodrigues esteve recentemente&hellip;\n","protected":false},"author":2,"featured_media":141288,"comment_status":"","ping_status":"","sticky":false,"template":"","format":"standard","meta":{"footnotes":""},"categories":[85],"tags":[342,49,114,115,980,32,33],"class_list":{"0":"post-141287","1":"post","2":"type-post","3":"status-publish","4":"format-standard","5":"has-post-thumbnail","7":"category-entretenimento","8":"tag-catarina-miranda","9":"tag-destaques","10":"tag-entertainment","11":"tag-entretenimento","12":"tag-famosos","13":"tag-portugal","14":"tag-pt"},"share_on_mastodon":{"url":"https:\/\/pubeurope.com\/@pt\/115500696470920784","error":""},"_links":{"self":[{"href":"https:\/\/www.europesays.com\/pt\/wp-json\/wp\/v2\/posts\/141287","targetHints":{"allow":["GET"]}}],"collection":[{"href":"https:\/\/www.europesays.com\/pt\/wp-json\/wp\/v2\/posts"}],"about":[{"href":"https:\/\/www.europesays.com\/pt\/wp-json\/wp\/v2\/types\/post"}],"author":[{"embeddable":true,"href":"https:\/\/www.europesays.com\/pt\/wp-json\/wp\/v2\/users\/2"}],"replies":[{"embeddable":true,"href":"https:\/\/www.europesays.com\/pt\/wp-json\/wp\/v2\/comments?post=141287"}],"version-history":[{"count":0,"href":"https:\/\/www.europesays.com\/pt\/wp-json\/wp\/v2\/posts\/141287\/revisions"}],"wp:featuredmedia":[{"embeddable":true,"href":"https:\/\/www.europesays.com\/pt\/wp-json\/wp\/v2\/media\/141288"}],"wp:attachment":[{"href":"https:\/\/www.europesays.com\/pt\/wp-json\/wp\/v2\/media?parent=141287"}],"wp:term":[{"taxonomy":"category","embeddable":true,"href":"https:\/\/www.europesays.com\/pt\/wp-json\/wp\/v2\/categories?post=141287"},{"taxonomy":"post_tag","embeddable":true,"href":"https:\/\/www.europesays.com\/pt\/wp-json\/wp\/v2\/tags?post=141287"}],"curies":[{"name":"wp","href":"https:\/\/api.w.org\/{rel}","templated":true}]}}