{"id":14132,"date":"2025-08-03T11:44:08","date_gmt":"2025-08-03T11:44:08","guid":{"rendered":"https:\/\/www.europesays.com\/pt\/14132\/"},"modified":"2025-08-03T11:44:08","modified_gmt":"2025-08-03T11:44:08","slug":"agentes-de-saude-e-endemias-de-pompeia-participam-de-capacitacao-sobre-arboviroses-marilia-noticia","status":"publish","type":"post","link":"https:\/\/www.europesays.com\/pt\/14132\/","title":{"rendered":"Agentes de sa\u00fade e endemias de Pompeia participam de capacita\u00e7\u00e3o sobre arboviroses \u2022 Mar\u00edlia Not\u00edcia"},"content":{"rendered":"<p>O Departamento de Higiene e Sa\u00fade de Pompeia (DHS), em parceria com a Vigil\u00e2ncia Sanit\u00e1ria, promoveu nos dias 16 e 17 de julho uma capacita\u00e7\u00e3o voltada ao combate \u00e0s arboviroses. A a\u00e7\u00e3o contou com o apoio t\u00e9cnico do Centro de Controle de Doen\u00e7as (CCD) e do Departamento Regional de Sa\u00fade (DRS), reunindo agentes comunit\u00e1rios de sa\u00fade e de combate \u00e0s endemias da cidade e de munic\u00edpios vizinhos.<\/p>\n<p>Durante os dois dias de forma\u00e7\u00e3o, os profissionais receberam instru\u00e7\u00f5es sobre diagn\u00f3stico, preven\u00e7\u00e3o, manejo ambiental, visitas domiciliares e estrat\u00e9gias de mobiliza\u00e7\u00e3o comunit\u00e1ria para o enfrentamento de doen\u00e7as como dengue, zika, chikungunya e febre amarela.<\/p>\n<p>Segundo os organizadores, o treinamento teve como objetivo atualizar os agentes com os protocolos mais eficazes de controle e ampliar a efic\u00e1cia das a\u00e7\u00f5es de vigil\u00e2ncia em sa\u00fade. \u201cA informa\u00e7\u00e3o \u00e9 uma ferramenta poderosa quando colocada nas m\u00e3os de quem atua diretamente com a comunidade\u201d, destacou um dos coordenadores do CCD.<\/p>\n<p>A capacita\u00e7\u00e3o tamb\u00e9m proporcionou o interc\u00e2mbio de experi\u00eancias entre os profissionais, fortalecendo estrat\u00e9gias regionais e promovendo a qualifica\u00e7\u00e3o das a\u00e7\u00f5es territoriais de preven\u00e7\u00e3o.<\/p>\n","protected":false},"excerpt":{"rendered":"O Departamento de Higiene e Sa\u00fade de Pompeia (DHS), em parceria com a Vigil\u00e2ncia Sanit\u00e1ria, promoveu nos dias&hellip;\n","protected":false},"author":2,"featured_media":14133,"comment_status":"","ping_status":"","sticky":false,"template":"","format":"standard","meta":{"footnotes":""},"categories":[86],"tags":[5722,5723,5724,5725,5726,5727,1891,1128,5728,5729,4480,116,5730,32,1461,33,3551,117,5731,1892],"class_list":{"0":"post-14132","1":"post","2":"type-post","3":"status-publish","4":"format-standard","5":"has-post-thumbnail","7":"category-saude","8":"tag-agende-de-saude","9":"tag-arbovirose","10":"tag-capacitacao","11":"tag-chikungunya","12":"tag-combate","13":"tag-controle-de-doencas","14":"tag-dengue","15":"tag-diagnostico","16":"tag-drs","17":"tag-endemia","18":"tag-febre-amarela","19":"tag-health","20":"tag-pompeia","21":"tag-portugal","22":"tag-prevencao","23":"tag-pt","24":"tag-regiao","25":"tag-saude","26":"tag-vigilancia-sanitaria","27":"tag-zika"},"share_on_mastodon":{"url":"","error":""},"_links":{"self":[{"href":"https:\/\/www.europesays.com\/pt\/wp-json\/wp\/v2\/posts\/14132","targetHints":{"allow":["GET"]}}],"collection":[{"href":"https:\/\/www.europesays.com\/pt\/wp-json\/wp\/v2\/posts"}],"about":[{"href":"https:\/\/www.europesays.com\/pt\/wp-json\/wp\/v2\/types\/post"}],"author":[{"embeddable":true,"href":"https:\/\/www.europesays.com\/pt\/wp-json\/wp\/v2\/users\/2"}],"replies":[{"embeddable":true,"href":"https:\/\/www.europesays.com\/pt\/wp-json\/wp\/v2\/comments?post=14132"}],"version-history":[{"count":0,"href":"https:\/\/www.europesays.com\/pt\/wp-json\/wp\/v2\/posts\/14132\/revisions"}],"wp:featuredmedia":[{"embeddable":true,"href":"https:\/\/www.europesays.com\/pt\/wp-json\/wp\/v2\/media\/14133"}],"wp:attachment":[{"href":"https:\/\/www.europesays.com\/pt\/wp-json\/wp\/v2\/media?parent=14132"}],"wp:term":[{"taxonomy":"category","embeddable":true,"href":"https:\/\/www.europesays.com\/pt\/wp-json\/wp\/v2\/categories?post=14132"},{"taxonomy":"post_tag","embeddable":true,"href":"https:\/\/www.europesays.com\/pt\/wp-json\/wp\/v2\/tags?post=14132"}],"curies":[{"name":"wp","href":"https:\/\/api.w.org\/{rel}","templated":true}]}}