{"id":141343,"date":"2025-11-06T05:56:16","date_gmt":"2025-11-06T05:56:16","guid":{"rendered":"https:\/\/www.europesays.com\/pt\/141343\/"},"modified":"2025-11-06T05:56:16","modified_gmt":"2025-11-06T05:56:16","slug":"joao-moura-caetano-conta-tudo-sobre-casamento-com-luiza-abreu","status":"publish","type":"post","link":"https:\/\/www.europesays.com\/pt\/141343\/","title":{"rendered":"Jo\u00e3o Moura Caetano conta tudo sobre casamento com Lu\u00edza Abreu"},"content":{"rendered":"<p><a href=\"https:\/\/selfie.iol.pt\/famosos\/joao-moura-caetano\/separados-joao-moura-caetano-esclarece-relacao-com-luiza-abreu\/20251028\/690112f3d34ee0c2fed1c7bd\" target=\"_blank\" rel=\"nofollow noopener\">Jo\u00e3o Moura Caetano<\/a> que alcan\u00e7ou um feito importante na vida profissional, ao ficar &#8220;em primeiro lugar no ranking dos toureiros&#8221;,\u00a0entrou em direto no programa &#8220;V+ Fama&#8221; e acabou a falar, tamb\u00e9m, sobre a vida pessoal.<\/p>\n<p>Adriano Silva Martins questionou ent\u00e3o o toureiro sobre os rumores em torno do casamento com <a href=\"https:\/\/selfie.iol.pt\/famosos\/big-brother\/luiza-abreu-e-joao-moura-caetano-separados-veja-a-foto\/20251025\/68fcfac5d34e58bc67974e52\" target=\"_blank\" rel=\"nofollow noopener\">Lu\u00edza Abreu<\/a>\u00a0e de uma alegada crise na rela\u00e7\u00e3o: &#8220;De onde \u00e9 que acha que saem estas not\u00edcias e que valor \u00e9 que lhes d\u00e1?&#8221;.<\/p>\n<p>&#8220;Dou o valor que merecem, n\u00e3o sei de onde \u00e9 que saem nem quero saber, n\u00e3o \u00e9 uma coisa que me atormenta ou que eu tenha interesse&#8221;, afirmou Jo\u00e3o Moura Caetano, esclarecendo a seguir: &#8220;A verdade \u00e9 que n\u00e3o foi adiado casamento nenhum, porque n\u00e3o esteve marcado.&#8221;<\/p>\n<p>&#8220;Quando foi o pedido de casamento, n\u00f3s at\u00e9 t\u00ednhamos a ideia de que fosse uma coisa mais ou menos r\u00e1pida e que fosse uma coisa breve, mas, assim que come\u00e7\u00e1mos a tentar tratar das coisas, percebemos, pelo menos da minha parte, que n\u00e3o t\u00ednhamos no\u00e7\u00e3o nenhuma do dif\u00edcil do que \u00e9 juntar tudo&#8221;, confessou o toureiro.<\/p>\n<p>Veja, agora, as declara\u00e7\u00f5es de <a href=\"https:\/\/selfie.iol.pt\/famosos\/luiza-abreu\/luiza-abreu-e-o-facto-de-ser-noiva-do-ex-cunhado-nao-me-faz-confusao\/20251002\/68deedccd34ee0c2fed0d313\" target=\"_blank\" rel=\"nofollow noopener\">Jo\u00e3o Moura Caetano<\/a>.<\/p>\n","protected":false},"excerpt":{"rendered":"Jo\u00e3o Moura Caetano que alcan\u00e7ou um feito importante na vida profissional, ao ficar &#8220;em primeiro lugar no ranking&hellip;\n","protected":false},"author":2,"featured_media":141344,"comment_status":"","ping_status":"","sticky":false,"template":"","format":"standard","meta":{"footnotes":""},"categories":[145],"tags":[1435,211,210,114,115,980,1402,841,619,32,33,1012,6972,8560],"class_list":{"0":"post-141343","1":"post","2":"type-post","3":"status-publish","4":"format-standard","5":"has-post-thumbnail","7":"category-celebridades","8":"tag-casamento","9":"tag-celebridades","10":"tag-celebrities","11":"tag-entertainment","12":"tag-entretenimento","13":"tag-famosos","14":"tag-joao-moura-caetano","15":"tag-luiza-abreu","16":"tag-nacional","17":"tag-portugal","18":"tag-pt","19":"tag-selfie","20":"tag-vmais","21":"tag-vmais-fama"},"share_on_mastodon":{"url":"https:\/\/pubeurope.com\/@pt\/115501215540190278","error":""},"_links":{"self":[{"href":"https:\/\/www.europesays.com\/pt\/wp-json\/wp\/v2\/posts\/141343","targetHints":{"allow":["GET"]}}],"collection":[{"href":"https:\/\/www.europesays.com\/pt\/wp-json\/wp\/v2\/posts"}],"about":[{"href":"https:\/\/www.europesays.com\/pt\/wp-json\/wp\/v2\/types\/post"}],"author":[{"embeddable":true,"href":"https:\/\/www.europesays.com\/pt\/wp-json\/wp\/v2\/users\/2"}],"replies":[{"embeddable":true,"href":"https:\/\/www.europesays.com\/pt\/wp-json\/wp\/v2\/comments?post=141343"}],"version-history":[{"count":0,"href":"https:\/\/www.europesays.com\/pt\/wp-json\/wp\/v2\/posts\/141343\/revisions"}],"wp:featuredmedia":[{"embeddable":true,"href":"https:\/\/www.europesays.com\/pt\/wp-json\/wp\/v2\/media\/141344"}],"wp:attachment":[{"href":"https:\/\/www.europesays.com\/pt\/wp-json\/wp\/v2\/media?parent=141343"}],"wp:term":[{"taxonomy":"category","embeddable":true,"href":"https:\/\/www.europesays.com\/pt\/wp-json\/wp\/v2\/categories?post=141343"},{"taxonomy":"post_tag","embeddable":true,"href":"https:\/\/www.europesays.com\/pt\/wp-json\/wp\/v2\/tags?post=141343"}],"curies":[{"name":"wp","href":"https:\/\/api.w.org\/{rel}","templated":true}]}}