{"id":141351,"date":"2025-11-06T06:11:12","date_gmt":"2025-11-06T06:11:12","guid":{"rendered":"https:\/\/www.europesays.com\/pt\/141351\/"},"modified":"2025-11-06T06:11:12","modified_gmt":"2025-11-06T06:11:12","slug":"oriente-green-campus-lj-group-landscape-architecture-saraiva-associados-kohn-pedersen-fox-kpf","status":"publish","type":"post","link":"https:\/\/www.europesays.com\/pt\/141351\/","title":{"rendered":"Oriente Green Campus \/ LJ-Group Landscape Architecture + Saraiva + Associados + Kohn Pedersen Fox (KPF)"},"content":{"rendered":"<p><a class=\"js-image-size__link \" href=\"https:\/\/www.archdaily.com.br\/br\/1035660\/oriente-green-campus-lj-group-landscape-architecture-plus-saraiva-plus-associados-plus-kohn-pedersen-fox-kpf\/6908a1b0436bc60001fdbb86-oriente-green-campus-lj-group-landscape-architecture-photo\" rel=\"attachment nofollow noopener\" style=\"width: 100%; height: 100%;\" target=\"_blank\"><img decoding=\"async\" alt=\"Oriente Green Campus  \/ LJ-Group Landscape Architecture + Saraiva + Associados + Kohn Pedersen Fox (KPF)  - Imagem 1 de 24\" data-nr-picture-id=\"6908a1b0436bc60001fdbb86\" fetchpriority=\"high\" height=\"484\" itemprop=\"image\" loading=\"eager\" longdesc=\"https:\/\/www.archdaily.com.br\/br\/1035660\/oriente-green-campus-lj-group-landscape-architecture-plus-saraiva-plus-associados-plus-kohn-pedersen-fox-kpf\/6908a1b0436bc60001fdbb86-oriente-green-campus-lj-group-landscape-architecture-photo\" src=\"https:\/\/www.europesays.com\/pt\/wp-content\/uploads\/2025\/11\/Oriente_Green_Campus_LJ-Group_01_Ivo_Tavares_Studio.jpg\" style=\"min-height: var(--featured-height, auto); aspect-ratio: auto 640 \/ 484\" width=\"640\"\/><\/a>\u00a9 Ivo Tavares Studio<\/p>\n<p class=\"thumbs afd-desktop-e clearfix\"><a class=\"thumbs__link\" data-nr-picture-id=\"6908a1b5436bc60001fdbb9b\" href=\"https:\/\/www.archdaily.com.br\/br\/1035660\/oriente-green-campus-lj-group-landscape-architecture-plus-saraiva-plus-associados-plus-kohn-pedersen-fox-kpf\/6908a1b5436bc60001fdbb9b-oriente-green-campus-lj-group-landscape-architecture-photo\" rel=\"attachment nofollow noopener\" target=\"_blank\"><img loading=\"lazy\" decoding=\"async\" alt=\"Oriente Green Campus  \/ LJ-Group Landscape Architecture + Saraiva + Associados + Kohn Pedersen Fox (KPF)  - Fotografia de Exterior\" class=\"thumbs__img b-lazy\" data-nr-picture-id=\"6908a1b5436bc60001fdbb9b\" data-pin-nopin=\"true\" src=\"https:\/\/www.europesays.com\/pt\/wp-content\/uploads\/2025\/11\/Oriente_Green_Campus_LJ-Group_23_Ivo_Tavares_Studio.jpg\" height=\"125\" longdesc=\"https:\/\/www.archdaily.com.br\/br\/1035660\/oriente-green-campus-lj-group-landscape-architecture-plus-saraiva-plus-associados-plus-kohn-pedersen-fox-kpf\/6908a1b5436bc60001fdbb9b-oriente-green-campus-lj-group-landscape-architecture-photo\" title=\"\u00a9 Ivo Tavares Studio\" width=\"125\"\/><\/a><a class=\"thumbs__link\" data-nr-picture-id=\"6908a1b5436bc60001fdbb9a\" href=\"https:\/\/www.archdaily.com.br\/br\/1035660\/oriente-green-campus-lj-group-landscape-architecture-plus-saraiva-plus-associados-plus-kohn-pedersen-fox-kpf\/6908a1b5436bc60001fdbb9a-oriente-green-campus-lj-group-landscape-architecture-photo\" rel=\"attachment nofollow noopener\" target=\"_blank\"><img loading=\"lazy\" decoding=\"async\" alt=\"Oriente Green Campus  \/ LJ-Group Landscape Architecture + Saraiva + Associados + Kohn Pedersen Fox (KPF)  - Fotografia de Exterior\" class=\"thumbs__img b-lazy\" data-nr-picture-id=\"6908a1b5436bc60001fdbb9a\" data-pin-nopin=\"true\" src=\"https:\/\/www.europesays.com\/pt\/wp-content\/uploads\/2025\/11\/Oriente_Green_Campus_LJ-Group_22_Ivo_Tavares_Studio.jpg\" height=\"125\" longdesc=\"https:\/\/www.archdaily.com.br\/br\/1035660\/oriente-green-campus-lj-group-landscape-architecture-plus-saraiva-plus-associados-plus-kohn-pedersen-fox-kpf\/6908a1b5436bc60001fdbb9a-oriente-green-campus-lj-group-landscape-architecture-photo\" title=\"\u00a9 Ivo Tavares Studio\" width=\"125\"\/><\/a><a class=\"thumbs__link\" data-nr-picture-id=\"6908a1b1436bc60001fdbb89\" href=\"https:\/\/www.archdaily.com.br\/br\/1035660\/oriente-green-campus-lj-group-landscape-architecture-plus-saraiva-plus-associados-plus-kohn-pedersen-fox-kpf\/6908a1b1436bc60001fdbb89-oriente-green-campus-lj-group-landscape-architecture-photo\" rel=\"attachment nofollow noopener\" target=\"_blank\"><img loading=\"lazy\" decoding=\"async\" alt=\"Oriente Green Campus  \/ LJ-Group Landscape Architecture + Saraiva + Associados + Kohn Pedersen Fox (KPF)  - Fotografia de Exterior\" class=\"thumbs__img b-lazy\" data-nr-picture-id=\"6908a1b1436bc60001fdbb89\" data-pin-nopin=\"true\" src=\"https:\/\/www.europesays.com\/pt\/wp-content\/uploads\/2025\/11\/Oriente_Green_Campus_LJ-Group_04_Ivo_Tavares_Studio.jpg\" height=\"125\" longdesc=\"https:\/\/www.archdaily.com.br\/br\/1035660\/oriente-green-campus-lj-group-landscape-architecture-plus-saraiva-plus-associados-plus-kohn-pedersen-fox-kpf\/6908a1b1436bc60001fdbb89-oriente-green-campus-lj-group-landscape-architecture-photo\" title=\"\u00a9 Ivo Tavares Studio\" width=\"125\"\/><\/a><a class=\"thumbs__link\" data-nr-picture-id=\"6908a1b5436bc60001fdbb95\" href=\"https:\/\/www.archdaily.com.br\/br\/1035660\/oriente-green-campus-lj-group-landscape-architecture-plus-saraiva-plus-associados-plus-kohn-pedersen-fox-kpf\/6908a1b5436bc60001fdbb95-oriente-green-campus-lj-group-landscape-architecture-photo\" rel=\"attachment nofollow noopener\" target=\"_blank\"><img loading=\"lazy\" decoding=\"async\" alt=\"Oriente Green Campus  \/ LJ-Group Landscape Architecture + Saraiva + Associados + Kohn Pedersen Fox (KPF)  - Imagem 5 de 24\" class=\"thumbs__img b-lazy\" data-nr-picture-id=\"6908a1b5436bc60001fdbb95\" data-pin-nopin=\"true\" src=\"https:\/\/www.europesays.com\/pt\/wp-content\/uploads\/2025\/11\/Oriente_Green_Campus_LJ-Group_17_Ivo_Tavares_Studio.jpg\" height=\"125\" longdesc=\"https:\/\/www.archdaily.com.br\/br\/1035660\/oriente-green-campus-lj-group-landscape-architecture-plus-saraiva-plus-associados-plus-kohn-pedersen-fox-kpf\/6908a1b5436bc60001fdbb95-oriente-green-campus-lj-group-landscape-architecture-photo\" title=\"\u00a9 Ivo Tavares Studio\" width=\"125\"\/><\/a><a class=\"gallery-link afd-desktop-e\" href=\"https:\/\/www.archdaily.com.br\/br\/1035660\/oriente-green-campus-lj-group-landscape-architecture-plus-saraiva-plus-associados-plus-kohn-pedersen-fox-kpf\/6908a1b0436bc60001fdbb86-oriente-green-campus-lj-group-landscape-architecture-photo\" rel=\"nofollow noopener\" target=\"_blank\"><img decoding=\"async\" alt=\"Oriente Green Campus  \/ LJ-Group Landscape Architecture + Saraiva + Associados + Kohn Pedersen Fox (KPF)  - Mais Imagens\" class=\"thumbs__img b-lazy\" src=\"https:\/\/www.europesays.com\/pt\/wp-content\/uploads\/2025\/11\/Oriente_Green_Campus_LJ-Group_01_Ivo_Tavares_Studio.jpg\" itemprop=\"image\" bad-src=\"data:image\/gif;base64,R0lGODlhAQABAIAAAAUEBAAAACwAAAAAAQABAAACAkQBADs=\"\/>+ 19<\/a><\/p>\n<p>    Compartilhar<\/p>\n<p>Compartilhar<\/p>\n<ul class=\"afd-share__networks clearfix\">\n<li class=\"afd-share__social\"><a aria-label=\"Facebook\" class=\"afd-share__button\" data-insights-category=\"share\" data-insights-label=\"facebook_sharing_options\" data-insights-value=\"1035660\" data-social=\"facebook\" href=\"https:\/\/www.facebook.com\/sharer\/sharer.php?u=https:\/\/www.archdaily.com.br\/br\/1035660\/oriente-green-campus-lj-group-landscape-architecture-plus-saraiva-plus-associados-plus-kohn-pedersen-fox-kpf\" rel=\"nofollow noopener\" target=\"_blank\"><\/a>\n<p>Facebook<\/p>\n<\/li>\n<li class=\"afd-share__social\"><a aria-label=\"Twitter\" class=\"afd-share__button\" data-insights-category=\"share\" data-insights-label=\"twitter_sharing_options\" data-insights-value=\"1035660\" data-social=\"twitter\" href=\"https:\/\/twitter.com\/intent\/tweet?text=Oriente%20Green%20Campus%20%20%2F%20LJ-Group%20Landscape%20Architecture%20%2B%20Saraiva%20%2B%20Associados%20%2B%20Kohn%20Pedersen%20Fox%20%28KPF%29%20&amp;url=https:\/\/www.archdaily.com.br\/br\/1035660\/oriente-green-campus-lj-group-landscape-architecture-plus-saraiva-plus-associados-plus-kohn-pedersen-fox-kpf&amp;via=archdailybr\" rel=\"nofollow noopener\" target=\"_blank\"><\/a>\n<p>Twitter<\/p>\n<\/li>\n<li class=\"afd-share__social\"><a class=\"afd-share__button\" data-insights-category=\"share\" data-insights-label=\"email_sharing_options\" data-insights-value=\"1035660\" data-social=\"email\" href=\"mailto:?subject=Oriente Green Campus  \/ LJ-Group Landscape Architecture + Saraiva + Associados + Kohn Pedersen Fox (KPF) &amp;body=https:\/\/www.archdaily.com.br\/br\/1035660\/oriente-green-campus-lj-group-landscape-architecture-plus-saraiva-plus-associados-plus-kohn-pedersen-fox-kpf\"><\/a>\n<p>Mail<\/p>\n<\/li>\n<li class=\"afd-share__social\"><a aria-label=\"Pinterest\" class=\"afd-share__button\" data-insights-category=\"share\" data-insights-label=\"pinterest_sharing_options\" data-insights-value=\"1035660\" data-social=\"pinterest\" href=\"https:\/\/pinterest.com\/pin\/create\/button\/?url=https%3A%2F%2Fwww.archdaily.com.br%2Fbr%2F1035660%2Foriente-green-campus-lj-group-landscape-architecture-plus-saraiva-plus-associados-plus-kohn-pedersen-fox-kpf&amp;media=https%3A%2F%2Fimages.adsttc.com%2Fmedia%2Fimages%2F6908%2Fa1b0%2F436b%2Fc600%2F01fd%2Fbb86%2Flarge_jpg%2FOriente_Green_Campus_LJ-Group_01_Ivo_Tavares_Studio.jpg%3F1762173392&amp;description=Oriente%20Green%20Campus%20%20%2F%20LJ-Group%20Landscape%20Architecture%20%2B%20Saraiva%20%2B%20Associados%20%2B%20Kohn%20Pedersen%20Fox%20%28KPF%29%20\" rel=\"nofollow noopener\" target=\"_blank\"><\/a>\n<p>Pinterest<\/p>\n<\/li>\n<li class=\"afd-share__social\"><a aria-label=\"Whatsapp\" class=\"afd-share__button\" data-action=\"share\/whatsapp\/share\" data-insights-category=\"share\" data-insights-label=\"whatsapp_sharing_options\" data-insights-value=\"1035660\" data-social=\"whatsapp\" href=\"whatsapp:\/\/send?text=Oriente+Green+Campus++%2F+LJ-Group+Landscape+Architecture+%2B+Saraiva+%2B+Associados+%2B+Kohn+Pedersen+Fox+%28KPF%29++%7C+https%3A%2F%2Fwww.archdaily.com.br%2Fbr%2F1035660%2Foriente-green-campus-lj-group-landscape-architecture-plus-saraiva-plus-associados-plus-kohn-pedersen-fox-kpf%3Futm_source%3DWhatsapp%26utm_medium%3DIM%26utm_campaign%3Dshare-button\" rel=\"nofollow\"><\/a>\n<p>Whatsapp<\/p>\n<\/li>\n<\/ul>\n<p>Ou<\/p>\n<p>https:\/\/www.archdaily.com.br\/br\/1035660\/oriente-green-campus-lj-group-landscape-architecture-plus-saraiva-plus-associados-plus-kohn-pedersen-fox-kpf<br \/>\n<a class=\"js-image-size__link lazy-anchor\" href=\"https:\/\/www.archdaily.com.br\/br\/1035660\/oriente-green-campus-lj-group-landscape-architecture-plus-saraiva-plus-associados-plus-kohn-pedersen-fox-kpf\/6908a1b5436bc60001fdbb9b-oriente-green-campus-lj-group-landscape-architecture-photo\" rel=\"nofollow noopener\" target=\"_blank\"><img decoding=\"async\" alt=\"Oriente Green Campus  \/ LJ-Group Landscape Architecture + Saraiva + Associados + Kohn Pedersen Fox (KPF)  - Fotografia de Exterior\" data-nr-picture-id=\"6908a1b5436bc60001fdbb9b\" height=\"427\" itemprop=\"image\" loading=\"lazy\" longdesc=\"https:\/\/www.archdaily.com.br\/br\/1035660\/oriente-green-campus-lj-group-landscape-architecture-plus-saraiva-plus-associados-plus-kohn-pedersen-fox-kpf\/6908a1b5436bc60001fdbb9b-oriente-green-campus-lj-group-landscape-architecture-photo\" src=\"https:\/\/www.europesays.com\/pt\/wp-content\/uploads\/2025\/11\/1762409469_236_Oriente_Green_Campus_LJ-Group_23_Ivo_Tavares_Studio.jpg\" width=\"640\"\/>\u00a9 Ivo Tavares Studio<\/a><\/p>\n<p>\u00c0 medida que as cidades se tornam mais densas e as fronteiras entre trabalho, aprendizado e lazer se tornam cada vez mais difusas, novos modelos urbanos precisam emergir \u2014 modelos que priorizem as pessoas, a resili\u00eancia clim\u00e1tica e o equil\u00edbrio com a natureza. Localizado no distrito empresarial oriental de Lisboa, o Oriente Green Campus materializa essa vis\u00e3o. Transformando um antigo complexo comercial abandonado em um polo verde contempor\u00e2neo, o projeto integra educa\u00e7\u00e3o, trabalho e paisagem em um ecossistema vibrante e interconectado.<\/p>\n<p><a class=\"js-image-size__link lazy-anchor\" href=\"https:\/\/www.archdaily.com.br\/br\/1035660\/oriente-green-campus-lj-group-landscape-architecture-plus-saraiva-plus-associados-plus-kohn-pedersen-fox-kpf\/6908a1b5436bc60001fdbb9a-oriente-green-campus-lj-group-landscape-architecture-photo\" rel=\"nofollow noopener\" target=\"_blank\"><img decoding=\"async\" alt=\"Oriente Green Campus  \/ LJ-Group Landscape Architecture + Saraiva + Associados + Kohn Pedersen Fox (KPF)  - Fotografia de Exterior\" data-nr-picture-id=\"6908a1b5436bc60001fdbb9a\" height=\"427\" itemprop=\"image\" loading=\"lazy\" longdesc=\"https:\/\/www.archdaily.com.br\/br\/1035660\/oriente-green-campus-lj-group-landscape-architecture-plus-saraiva-plus-associados-plus-kohn-pedersen-fox-kpf\/6908a1b5436bc60001fdbb9a-oriente-green-campus-lj-group-landscape-architecture-photo\" src=\"https:\/\/www.europesays.com\/pt\/wp-content\/uploads\/2025\/11\/1762409469_736_Oriente_Green_Campus_LJ-Group_22_Ivo_Tavares_Studio.jpg\" width=\"640\"\/>\u00a9 Ivo Tavares Studio<\/a><a class=\"js-image-size__link lazy-anchor\" href=\"https:\/\/www.archdaily.com.br\/br\/1035660\/oriente-green-campus-lj-group-landscape-architecture-plus-saraiva-plus-associados-plus-kohn-pedersen-fox-kpf\/6908a1b3436bc60001fdbb8d-oriente-green-campus-lj-group-landscape-architecture-photo\" rel=\"nofollow noopener\" target=\"_blank\"><img decoding=\"async\" alt=\"Oriente Green Campus  \/ LJ-Group Landscape Architecture + Saraiva + Associados + Kohn Pedersen Fox (KPF)  - Fotografia de Exterior\" data-nr-picture-id=\"6908a1b3436bc60001fdbb8d\" height=\"427\" itemprop=\"image\" loading=\"lazy\" longdesc=\"https:\/\/www.archdaily.com.br\/br\/1035660\/oriente-green-campus-lj-group-landscape-architecture-plus-saraiva-plus-associados-plus-kohn-pedersen-fox-kpf\/6908a1b3436bc60001fdbb8d-oriente-green-campus-lj-group-landscape-architecture-photo\" src=\"https:\/\/www.europesays.com\/pt\/wp-content\/uploads\/2025\/11\/Oriente_Green_Campus_LJ-Group_08_Ivo_Tavares_Studio.jpg\" width=\"640\"\/>\u00a9 Ivo Tavares Studio<\/a><\/p>\n<p>Instalado em um terreno de 3,7 hectares, com 42.000 m\u00b2 de \u00e1rea constru\u00edda e mais de 19.000 m\u00b2 de superf\u00edcies verdes, o campus redefine a rela\u00e7\u00e3o entre arquitetura e paisagem na reabilita\u00e7\u00e3o urbana. Coberturas, terra\u00e7os e p\u00e1tios planos s\u00e3o convertidos em ambientes externos imersivos, que favorecem a biodiversidade, a conviv\u00eancia social e modos de vida sustent\u00e1veis.<\/p>\n<p><a class=\"js-image-size__link lazy-anchor\" href=\"https:\/\/www.archdaily.com.br\/br\/1035660\/oriente-green-campus-lj-group-landscape-architecture-plus-saraiva-plus-associados-plus-kohn-pedersen-fox-kpf\/6908a1b1436bc60001fdbb89-oriente-green-campus-lj-group-landscape-architecture-photo\" rel=\"nofollow noopener\" target=\"_blank\"><img decoding=\"async\" alt=\"Oriente Green Campus  \/ LJ-Group Landscape Architecture + Saraiva + Associados + Kohn Pedersen Fox (KPF)  - Fotografia de Exterior\" data-nr-picture-id=\"6908a1b1436bc60001fdbb89\" height=\"427\" itemprop=\"image\" loading=\"lazy\" longdesc=\"https:\/\/www.archdaily.com.br\/br\/1035660\/oriente-green-campus-lj-group-landscape-architecture-plus-saraiva-plus-associados-plus-kohn-pedersen-fox-kpf\/6908a1b1436bc60001fdbb89-oriente-green-campus-lj-group-landscape-architecture-photo\" src=\"https:\/\/www.europesays.com\/pt\/wp-content\/uploads\/2025\/11\/1762409470_458_Oriente_Green_Campus_LJ-Group_04_Ivo_Tavares_Studio.jpg\" width=\"640\"\/>\u00a9 Ivo Tavares Studio<\/a><\/p>\n<p>A paisagem se desdobra verticalmente ao longo de quatro pavimentos, oferecendo diferentes experi\u00eancias ao longo do dia. No topo, uma passarela panor\u00e2mica coroa o edif\u00edcio e abre vistas para Lisboa e o rio Tejo. O espa\u00e7o funciona como uma \u00e1rea ativa de conviv\u00eancia, lazer e trabalho colaborativo. Terra\u00e7os e p\u00e1tios abrigam vegeta\u00e7\u00e3o adaptativa e pisos de formas org\u00e2nicas, complementados por \u00e1reas de estar, p\u00e9rgolas e salas de aula ao ar livre, compondo um \u201critmo verde\u201d fluido que percorre o edif\u00edcio.<\/p>\n<p><a class=\"js-image-size__link lazy-anchor\" href=\"https:\/\/www.archdaily.com.br\/br\/1035660\/oriente-green-campus-lj-group-landscape-architecture-plus-saraiva-plus-associados-plus-kohn-pedersen-fox-kpf\/6908a1b5436bc60001fdbb9d-oriente-green-campus-lj-group-landscape-architecture-axonometric\" rel=\"nofollow noopener\" target=\"_blank\"><img decoding=\"async\" alt=\"Oriente Green Campus  \/ LJ-Group Landscape Architecture + Saraiva + Associados + Kohn Pedersen Fox (KPF)  - Imagem 24 de 24\" data-nr-picture-id=\"6908a1b5436bc60001fdbb9d\" height=\"427\" itemprop=\"image\" loading=\"lazy\" longdesc=\"https:\/\/www.archdaily.com.br\/br\/1035660\/oriente-green-campus-lj-group-landscape-architecture-plus-saraiva-plus-associados-plus-kohn-pedersen-fox-kpf\/6908a1b5436bc60001fdbb9d-oriente-green-campus-lj-group-landscape-architecture-axonometric\" src=\"https:\/\/www.europesays.com\/pt\/wp-content\/uploads\/2025\/11\/LJ-Group_Landscape_Levels_Axonometric.jpg\" width=\"640\"\/>Axo<\/a><\/p>\n<p>Sede da Universidade Europeia, do IADE \u2013 Faculdade de Design e do IPAM \u2013 Escola de Marketing, pertencentes ao The Europa Education Group, o campus antecipa um futuro de ambientes h\u00edbridos e flex\u00edveis. A paisagem atua como uma extens\u00e3o informal dos espa\u00e7os de aprendizado e colabora\u00e7\u00e3o, com \u00e1reas que podem se transformar em salas de aula externas, arquibancadas ou gramados para eventos, incentivando o engajamento de estudantes e profissionais al\u00e9m dos limites do espa\u00e7o interno. Aqui, a paisagem assume o papel de protagonista \u2014 um elo social e um catalisador de criatividade.<\/p>\n<p><a class=\"js-image-size__link lazy-anchor\" href=\"https:\/\/www.archdaily.com.br\/br\/1035660\/oriente-green-campus-lj-group-landscape-architecture-plus-saraiva-plus-associados-plus-kohn-pedersen-fox-kpf\/6908a1b3436bc60001fdbb8c-oriente-green-campus-lj-group-landscape-architecture-photo\" rel=\"nofollow noopener\" target=\"_blank\"><img decoding=\"async\" alt=\"Oriente Green Campus  \/ LJ-Group Landscape Architecture + Saraiva + Associados + Kohn Pedersen Fox (KPF)  - Fotografia de Exterior\" data-nr-picture-id=\"6908a1b3436bc60001fdbb8c\" height=\"427\" itemprop=\"image\" loading=\"lazy\" longdesc=\"https:\/\/www.archdaily.com.br\/br\/1035660\/oriente-green-campus-lj-group-landscape-architecture-plus-saraiva-plus-associados-plus-kohn-pedersen-fox-kpf\/6908a1b3436bc60001fdbb8c-oriente-green-campus-lj-group-landscape-architecture-photo\" src=\"https:\/\/www.europesays.com\/pt\/wp-content\/uploads\/2025\/11\/Oriente_Green_Campus_LJ-Group_07_Ivo_Tavares_Studio.jpg\" width=\"640\"\/>\u00a9 Ivo Tavares Studio<\/a><a class=\"js-image-size__link lazy-anchor\" href=\"https:\/\/www.archdaily.com.br\/br\/1035660\/oriente-green-campus-lj-group-landscape-architecture-plus-saraiva-plus-associados-plus-kohn-pedersen-fox-kpf\/6908a1b0436bc60001fdbb87-oriente-green-campus-lj-group-landscape-architecture-photo\" rel=\"nofollow noopener\" target=\"_blank\"><img decoding=\"async\" alt=\"Oriente Green Campus  \/ LJ-Group Landscape Architecture + Saraiva + Associados + Kohn Pedersen Fox (KPF)  - Fotografia de Exterior\" data-nr-picture-id=\"6908a1b0436bc60001fdbb87\" height=\"427\" itemprop=\"image\" loading=\"lazy\" longdesc=\"https:\/\/www.archdaily.com.br\/br\/1035660\/oriente-green-campus-lj-group-landscape-architecture-plus-saraiva-plus-associados-plus-kohn-pedersen-fox-kpf\/6908a1b0436bc60001fdbb87-oriente-green-campus-lj-group-landscape-architecture-photo\" src=\"https:\/\/www.europesays.com\/pt\/wp-content\/uploads\/2025\/11\/Oriente_Green_Campus_LJ-Group_02_Ivo_Tavares_Studio.jpg\" width=\"640\"\/>\u00a9 Ivo Tavares Studio<\/a><a class=\"js-image-size__link lazy-anchor\" href=\"https:\/\/www.archdaily.com.br\/br\/1035660\/oriente-green-campus-lj-group-landscape-architecture-plus-saraiva-plus-associados-plus-kohn-pedersen-fox-kpf\/6908a1b5436bc60001fdbb91-oriente-green-campus-lj-group-landscape-architecture-photo\" rel=\"nofollow noopener\" target=\"_blank\"><img decoding=\"async\" alt=\"Oriente Green Campus  \/ LJ-Group Landscape Architecture + Saraiva + Associados + Kohn Pedersen Fox (KPF)  - Imagem 12 de 24\" data-nr-picture-id=\"6908a1b5436bc60001fdbb91\" height=\"427\" itemprop=\"image\" loading=\"lazy\" longdesc=\"https:\/\/www.archdaily.com.br\/br\/1035660\/oriente-green-campus-lj-group-landscape-architecture-plus-saraiva-plus-associados-plus-kohn-pedersen-fox-kpf\/6908a1b5436bc60001fdbb91-oriente-green-campus-lj-group-landscape-architecture-photo\" src=\"https:\/\/www.europesays.com\/pt\/wp-content\/uploads\/2025\/11\/Oriente_Green_Campus_LJ-Group_12_Ivo_Tavares_Studio.jpg\" width=\"640\"\/>\u00a9 Ivo Tavares Studio<\/a><\/p>\n<p>Primeiro projeto em Portugal a obter simultaneamente as certifica\u00e7\u00f5es LEED e WELL, o empreendimento integra estrat\u00e9gias sustent\u00e1veis passivas e ativas. As coberturas verdes ajudam a mitigar o efeito de ilha de calor, refor\u00e7am a biodiversidade e melhoram o conforto t\u00e9rmico. Pain\u00e9is fotovoltaicos geram energia renov\u00e1vel, enquanto sistemas eficientes e gest\u00e3o inteligente reduzem o consumo global. Estrat\u00e9gias de desenho sens\u00edvel \u00e0 \u00e1gua \u2014 como valas de biorreten\u00e7\u00e3o, irriga\u00e7\u00e3o de baixo fluxo e uso de esp\u00e9cies nativas de baixa manuten\u00e7\u00e3o \u2014 garantem resili\u00eancia e efici\u00eancia a longo prazo.<\/p>\n<p><a class=\"js-image-size__link lazy-anchor\" href=\"https:\/\/www.archdaily.com.br\/br\/1035660\/oriente-green-campus-lj-group-landscape-architecture-plus-saraiva-plus-associados-plus-kohn-pedersen-fox-kpf\/6908a1b2436bc60001fdbb8b-oriente-green-campus-lj-group-landscape-architecture-photo\" rel=\"nofollow noopener\" target=\"_blank\"><img decoding=\"async\" alt=\"Oriente Green Campus  \/ LJ-Group Landscape Architecture + Saraiva + Associados + Kohn Pedersen Fox (KPF)  - Imagem 8 de 24\" data-nr-picture-id=\"6908a1b2436bc60001fdbb8b\" height=\"427\" itemprop=\"image\" loading=\"lazy\" longdesc=\"https:\/\/www.archdaily.com.br\/br\/1035660\/oriente-green-campus-lj-group-landscape-architecture-plus-saraiva-plus-associados-plus-kohn-pedersen-fox-kpf\/6908a1b2436bc60001fdbb8b-oriente-green-campus-lj-group-landscape-architecture-photo\" src=\"https:\/\/www.europesays.com\/pt\/wp-content\/uploads\/2025\/11\/Oriente_Green_Campus_LJ-Group_06_Ivo_Tavares_Studio.jpg\" width=\"640\"\/>\u00a9 Ivo Tavares Studio<\/a><a class=\"js-image-size__link lazy-anchor\" href=\"https:\/\/www.archdaily.com.br\/br\/1035660\/oriente-green-campus-lj-group-landscape-architecture-plus-saraiva-plus-associados-plus-kohn-pedersen-fox-kpf\/6908a1b5436bc60001fdbb96-oriente-green-campus-lj-group-landscape-architecture-photo\" rel=\"nofollow noopener\" target=\"_blank\"><img decoding=\"async\" alt=\"Oriente Green Campus  \/ LJ-Group Landscape Architecture + Saraiva + Associados + Kohn Pedersen Fox (KPF)  - Imagem 18 de 24\" data-nr-picture-id=\"6908a1b5436bc60001fdbb96\" height=\"427\" itemprop=\"image\" loading=\"lazy\" longdesc=\"https:\/\/www.archdaily.com.br\/br\/1035660\/oriente-green-campus-lj-group-landscape-architecture-plus-saraiva-plus-associados-plus-kohn-pedersen-fox-kpf\/6908a1b5436bc60001fdbb96-oriente-green-campus-lj-group-landscape-architecture-photo\" src=\"https:\/\/www.europesays.com\/pt\/wp-content\/uploads\/2025\/11\/Oriente_Green_Campus_LJ-Group_18_Ivo_Tavares_Studio.jpg\" width=\"640\"\/>\u00a9 Ivo Tavares Studio<\/a><a class=\"js-image-size__link lazy-anchor\" href=\"https:\/\/www.archdaily.com.br\/br\/1035660\/oriente-green-campus-lj-group-landscape-architecture-plus-saraiva-plus-associados-plus-kohn-pedersen-fox-kpf\/6908a1b5436bc60001fdbb95-oriente-green-campus-lj-group-landscape-architecture-photo\" rel=\"nofollow noopener\" target=\"_blank\"><img decoding=\"async\" alt=\"Oriente Green Campus  \/ LJ-Group Landscape Architecture + Saraiva + Associados + Kohn Pedersen Fox (KPF)  - Imagem 5 de 24\" data-nr-picture-id=\"6908a1b5436bc60001fdbb95\" height=\"427\" itemprop=\"image\" loading=\"lazy\" longdesc=\"https:\/\/www.archdaily.com.br\/br\/1035660\/oriente-green-campus-lj-group-landscape-architecture-plus-saraiva-plus-associados-plus-kohn-pedersen-fox-kpf\/6908a1b5436bc60001fdbb95-oriente-green-campus-lj-group-landscape-architecture-photo\" src=\"https:\/\/www.europesays.com\/pt\/wp-content\/uploads\/2025\/11\/1762409471_237_Oriente_Green_Campus_LJ-Group_17_Ivo_Tavares_Studio.jpg\" width=\"640\"\/>\u00a9 Ivo Tavares Studio<\/a><\/p>\n<p>A paisagem define a identidade do Oriente Green Campus. Do t\u00e9rreo \u00e0s coberturas, a vegeta\u00e7\u00e3o flui entre os espa\u00e7os internos e externos, estabelecendo uma forte conex\u00e3o biof\u00edlica que estimula o bem-estar e a criatividade. O resultado \u00e9 uma estrutura viva, que promove pertencimento. Estudantes, colaboradores e moradores compartilham \u00e1reas abertas e acess\u00edveis, capazes de se adaptar \u00e0s necessidades em constante mudan\u00e7a \u2014 acolhendo eventos culturais, espa\u00e7os de coworking ou momentos de lazer cotidiano.<\/p>\n<p><a class=\"js-image-size__link lazy-anchor\" href=\"https:\/\/www.archdaily.com.br\/br\/1035660\/oriente-green-campus-lj-group-landscape-architecture-plus-saraiva-plus-associados-plus-kohn-pedersen-fox-kpf\/6908a1b5436bc60001fdbb99-oriente-green-campus-lj-group-landscape-architecture-photo\" rel=\"nofollow noopener\" target=\"_blank\"><img decoding=\"async\" alt=\"Oriente Green Campus  \/ LJ-Group Landscape Architecture + Saraiva + Associados + Kohn Pedersen Fox (KPF)  - Fotografia de Exterior\" data-nr-picture-id=\"6908a1b5436bc60001fdbb99\" height=\"427\" itemprop=\"image\" loading=\"lazy\" longdesc=\"https:\/\/www.archdaily.com.br\/br\/1035660\/oriente-green-campus-lj-group-landscape-architecture-plus-saraiva-plus-associados-plus-kohn-pedersen-fox-kpf\/6908a1b5436bc60001fdbb99-oriente-green-campus-lj-group-landscape-architecture-photo\" src=\"https:\/\/www.europesays.com\/pt\/wp-content\/uploads\/2025\/11\/Oriente_Green_Campus_LJ-Group_21_Ivo_Tavares_Studio.jpg\" width=\"640\"\/>\u00a9 Ivo Tavares Studio<\/a><a class=\"js-image-size__link lazy-anchor\" href=\"https:\/\/www.archdaily.com.br\/br\/1035660\/oriente-green-campus-lj-group-landscape-architecture-plus-saraiva-plus-associados-plus-kohn-pedersen-fox-kpf\/6908a1b5436bc60001fdbb92-oriente-green-campus-lj-group-landscape-architecture-photo\" rel=\"nofollow noopener\" target=\"_blank\"><img decoding=\"async\" alt=\"Oriente Green Campus  \/ LJ-Group Landscape Architecture + Saraiva + Associados + Kohn Pedersen Fox (KPF)  - Imagem 15 de 24\" data-nr-picture-id=\"6908a1b5436bc60001fdbb92\" height=\"427\" itemprop=\"image\" loading=\"lazy\" longdesc=\"https:\/\/www.archdaily.com.br\/br\/1035660\/oriente-green-campus-lj-group-landscape-architecture-plus-saraiva-plus-associados-plus-kohn-pedersen-fox-kpf\/6908a1b5436bc60001fdbb92-oriente-green-campus-lj-group-landscape-architecture-photo\" src=\"https:\/\/www.europesays.com\/pt\/wp-content\/uploads\/2025\/11\/Oriente_Green_Campus_LJ-Group_13_Ivo_Tavares_Studio.jpg\" width=\"640\"\/>\u00a9 Ivo Tavares Studio<\/a><\/p>\n<p>Vencedor do pr\u00eamio \u201cGreen Asset Initiative of the Year\u201d no Iberian Property Awards, o Oriente Green Campus consolida-se como um modelo vision\u00e1rio de transforma\u00e7\u00e3o urbana sustent\u00e1vel. O projeto demonstra como design, ecologia e educa\u00e7\u00e3o podem convergir para revitalizar estruturas existentes e moldar uma cidade mais resiliente e centrada nas pessoas.<\/p>\n<p><a class=\"js-image-size__link lazy-anchor\" href=\"https:\/\/www.archdaily.com.br\/br\/1035660\/oriente-green-campus-lj-group-landscape-architecture-plus-saraiva-plus-associados-plus-kohn-pedersen-fox-kpf\/6908a1b1436bc60001fdbb8a-oriente-green-campus-lj-group-landscape-architecture-photo\" rel=\"nofollow noopener\" target=\"_blank\"><img decoding=\"async\" alt=\"Oriente Green Campus  \/ LJ-Group Landscape Architecture + Saraiva + Associados + Kohn Pedersen Fox (KPF)  - Imagem 21 de 24\" data-nr-picture-id=\"6908a1b1436bc60001fdbb8a\" height=\"427\" itemprop=\"image\" loading=\"lazy\" longdesc=\"https:\/\/www.archdaily.com.br\/br\/1035660\/oriente-green-campus-lj-group-landscape-architecture-plus-saraiva-plus-associados-plus-kohn-pedersen-fox-kpf\/6908a1b1436bc60001fdbb8a-oriente-green-campus-lj-group-landscape-architecture-photo\" src=\"https:\/\/www.europesays.com\/pt\/wp-content\/uploads\/2025\/11\/Oriente_Green_Campus_LJ-Group_05_Ivo_Tavares_Studio.jpg\" width=\"640\"\/>\u00a9 Ivo Tavares Studio<\/a><script async src=\"https:\/\/platform.twitter.com\/widgets.js\" charset=\"utf-8\"><\/script><\/p>\n","protected":false},"excerpt":{"rendered":"\u00a9 Ivo Tavares Studio + 19 Compartilhar Compartilhar Facebook Twitter Mail Pinterest Whatsapp Ou https:\/\/www.archdaily.com.br\/br\/1035660\/oriente-green-campus-lj-group-landscape-architecture-plus-saraiva-plus-associados-plus-kohn-pedersen-fox-kpf \u00a9 Ivo Tavares&hellip;\n","protected":false},"author":2,"featured_media":141352,"comment_status":"","ping_status":"","sticky":false,"template":"","format":"standard","meta":{"footnotes":""},"categories":[144],"tags":[304,18450,6593,207,205,206,203,201,202,204,114,115,31349,32,33],"class_list":{"0":"post-141351","1":"post","2":"type-post","3":"status-publish","4":"format-standard","5":"has-post-thumbnail","7":"category-arte-e-design","8":"tag-arquitetura","9":"tag-arquitetura-de-escritorios","10":"tag-arquitetura-paisagistica","11":"tag-arte","12":"tag-arte-e-design","13":"tag-artedesign","14":"tag-arts","15":"tag-arts-and-design","16":"tag-artsanddesign","17":"tag-design","18":"tag-entertainment","19":"tag-entretenimento","20":"tag-moscavide","21":"tag-portugal","22":"tag-pt"},"share_on_mastodon":{"url":"https:\/\/pubeurope.com\/@pt\/115501274705942988","error":""},"_links":{"self":[{"href":"https:\/\/www.europesays.com\/pt\/wp-json\/wp\/v2\/posts\/141351","targetHints":{"allow":["GET"]}}],"collection":[{"href":"https:\/\/www.europesays.com\/pt\/wp-json\/wp\/v2\/posts"}],"about":[{"href":"https:\/\/www.europesays.com\/pt\/wp-json\/wp\/v2\/types\/post"}],"author":[{"embeddable":true,"href":"https:\/\/www.europesays.com\/pt\/wp-json\/wp\/v2\/users\/2"}],"replies":[{"embeddable":true,"href":"https:\/\/www.europesays.com\/pt\/wp-json\/wp\/v2\/comments?post=141351"}],"version-history":[{"count":0,"href":"https:\/\/www.europesays.com\/pt\/wp-json\/wp\/v2\/posts\/141351\/revisions"}],"wp:featuredmedia":[{"embeddable":true,"href":"https:\/\/www.europesays.com\/pt\/wp-json\/wp\/v2\/media\/141352"}],"wp:attachment":[{"href":"https:\/\/www.europesays.com\/pt\/wp-json\/wp\/v2\/media?parent=141351"}],"wp:term":[{"taxonomy":"category","embeddable":true,"href":"https:\/\/www.europesays.com\/pt\/wp-json\/wp\/v2\/categories?post=141351"},{"taxonomy":"post_tag","embeddable":true,"href":"https:\/\/www.europesays.com\/pt\/wp-json\/wp\/v2\/tags?post=141351"}],"curies":[{"name":"wp","href":"https:\/\/api.w.org\/{rel}","templated":true}]}}