{"id":141358,"date":"2025-11-06T06:25:07","date_gmt":"2025-11-06T06:25:07","guid":{"rendered":"https:\/\/www.europesays.com\/pt\/141358\/"},"modified":"2025-11-06T06:25:07","modified_gmt":"2025-11-06T06:25:07","slug":"dell-anno-salvador-e-kaa-arquitetos-promovem-evento-em-ambiente-que-homenageia-castro-alves-na-casas-conceito-2025-veja-fotos","status":"publish","type":"post","link":"https:\/\/www.europesays.com\/pt\/141358\/","title":{"rendered":"Dell Anno Salvador e KAA Arquitetos promovem evento em ambiente que homenageia Castro Alves na Casas Conceito 2025; veja fotos"},"content":{"rendered":"<p>A <strong>Dell Anno Salvador<\/strong> recebeu parceiros e convidados na noite de ter\u00e7a-feira (4), ao lado das arquitetas <strong>Eliane e La\u00eds Kruchewsky, do KAA<\/strong> <strong>Arquitetos<\/strong>, no ambiente assinado pela dupla para a<strong> Casas Conceito<\/strong> 2025. A mostra, que este ano ocupa o Casario da Miseric\u00f3rdia e parte do Elevador Lacerda, no Centro Hist\u00f3rico de Salvador, re\u00fane nomes consagrados da arquitetura e do design.<\/p>\n<p>Comandada na Bahia pela empres\u00e1ria<strong> Fernanda Bahia<\/strong>, a Dell Anno participa pela sexta vez da principal mostra de decora\u00e7\u00e3o do estado. O evento aconteceu na Su\u00edte Castro Alves, projeto de Eliane e La\u00eds que presta homenagem ao poeta baiano em uma leitura contempor\u00e2nea do morar.<\/p>\n<p>O ambiente foi concebido para traduzir eleg\u00e2ncia e sofistica\u00e7\u00e3o, unindo refer\u00eancias do s\u00e9culo XIX a elementos atuais. Entre os destaques est\u00e3o o imponente muxarabi e uma estante met\u00e1lica elegante, que conferem atmosfera intimista e acolhedora ao espa\u00e7o.<\/p>\n<p>O coquetel da noite foi assinado pelo chef <strong>Fabr\u00edcio Lemos<\/strong>, respons\u00e1vel pelo restaurante<strong> Ori Rooftop<\/strong>, instalado no mesmo im\u00f3vel.<\/p>\n<p><strong>Veja fotos do evento abaixo:<\/strong><\/p>\n","protected":false},"excerpt":{"rendered":"A Dell Anno Salvador recebeu parceiros e convidados na noite de ter\u00e7a-feira (4), ao lado das arquitetas Eliane&hellip;\n","protected":false},"author":2,"featured_media":141359,"comment_status":"","ping_status":"","sticky":false,"template":"","format":"standard","meta":{"footnotes":""},"categories":[144],"tags":[207,205,206,203,201,202,204,114,115,32,33],"class_list":{"0":"post-141358","1":"post","2":"type-post","3":"status-publish","4":"format-standard","5":"has-post-thumbnail","7":"category-arte-e-design","8":"tag-arte","9":"tag-arte-e-design","10":"tag-artedesign","11":"tag-arts","12":"tag-arts-and-design","13":"tag-artsanddesign","14":"tag-design","15":"tag-entertainment","16":"tag-entretenimento","17":"tag-portugal","18":"tag-pt"},"share_on_mastodon":{"url":"https:\/\/pubeurope.com\/@pt\/115501329518802430","error":""},"_links":{"self":[{"href":"https:\/\/www.europesays.com\/pt\/wp-json\/wp\/v2\/posts\/141358","targetHints":{"allow":["GET"]}}],"collection":[{"href":"https:\/\/www.europesays.com\/pt\/wp-json\/wp\/v2\/posts"}],"about":[{"href":"https:\/\/www.europesays.com\/pt\/wp-json\/wp\/v2\/types\/post"}],"author":[{"embeddable":true,"href":"https:\/\/www.europesays.com\/pt\/wp-json\/wp\/v2\/users\/2"}],"replies":[{"embeddable":true,"href":"https:\/\/www.europesays.com\/pt\/wp-json\/wp\/v2\/comments?post=141358"}],"version-history":[{"count":0,"href":"https:\/\/www.europesays.com\/pt\/wp-json\/wp\/v2\/posts\/141358\/revisions"}],"wp:featuredmedia":[{"embeddable":true,"href":"https:\/\/www.europesays.com\/pt\/wp-json\/wp\/v2\/media\/141359"}],"wp:attachment":[{"href":"https:\/\/www.europesays.com\/pt\/wp-json\/wp\/v2\/media?parent=141358"}],"wp:term":[{"taxonomy":"category","embeddable":true,"href":"https:\/\/www.europesays.com\/pt\/wp-json\/wp\/v2\/categories?post=141358"},{"taxonomy":"post_tag","embeddable":true,"href":"https:\/\/www.europesays.com\/pt\/wp-json\/wp\/v2\/tags?post=141358"}],"curies":[{"name":"wp","href":"https:\/\/api.w.org\/{rel}","templated":true}]}}